{"id":76387,"date":"2020-10-01T08:44:36","date_gmt":"2020-10-01T08:44:36","guid":{"rendered":"http:\/\/blog.ivoox.com\/?p=76387"},"modified":"2022-02-23T10:38:21","modified_gmt":"2022-02-23T09:38:21","slug":"pasate-al-lado-oscuro-en-android","status":"publish","type":"post","link":"https:\/\/www.ivoox.com\/blog\/pasate-al-lado-oscuro-en-android\/","title":{"rendered":"P\u00e1sate al lado oscuro en Android"},"content":{"rendered":"<div class=\"ivoox-post-content\"><div class=\"ivoox-post-index\" id=\"table-content\"><div id=\"ez-toc-container\" class=\"ez-toc-v2_0_80 counter-hierarchy ez-toc-counter ez-toc-grey ez-toc-container-direction\">\n<div class=\"ez-toc-title-container\"><p class=\"ez-toc-title\" style=\"cursor:inherit\">Tabla de contenidos<\/p>\n<\/div><nav><ul class='ez-toc-list ez-toc-list-level-1 ' ><li class='ez-toc-page-1 ez-toc-heading-level-2'><a class=\"ez-toc-link ez-toc-heading-1\" href=\"https:\/\/www.ivoox.com\/blog\/pasate-al-lado-oscuro-en-android\/#Elige_entre_modo_oscuro_o_modo_claro\" >Elige entre modo oscuro o modo claro<\/a><\/li><li class='ez-toc-page-1 ez-toc-heading-level-2'><a class=\"ez-toc-link ez-toc-heading-2\" href=\"https:\/\/www.ivoox.com\/blog\/pasate-al-lado-oscuro-en-android\/#%C2%BFPara_cuando_el_modo_oscuro_en_la_app_de_iOS\" >\u00bfPara cu\u00e1ndo el modo oscuro en la app de iOS?<\/a><\/li><\/ul><\/nav><\/div>\n<\/div><div class=\"ivoox-post-body\">\n\t\t\n\t\t\t<figure class=\"post-thumbnail\">\n\t\t\t\t<a class=\"post-thumbnail-inner alignwide\" href=\"https:\/\/www.ivoox.com\/blog\/pasate-al-lado-oscuro-en-android\/\" aria-hidden=\"true\" tabindex=\"-1\">\n\t\t\t\t\t<img width=\"1200\" height=\"675\" src=\"https:\/\/www.ivoox.com\/blog\/wp-content\/uploads\/2020\/09\/portada-blog-modo-oscuro.jpg\" class=\"attachment-post-thumbnail size-post-thumbnail wp-post-image\" alt=\"\" srcset=\"https:\/\/www.ivoox.com\/blog\/wp-content\/uploads\/2020\/09\/portada-blog-modo-oscuro.jpg 1200w, https:\/\/www.ivoox.com\/blog\/wp-content\/uploads\/2020\/09\/portada-blog-modo-oscuro-300x169.jpg 300w, https:\/\/www.ivoox.com\/blog\/wp-content\/uploads\/2020\/09\/portada-blog-modo-oscuro-1024x576.jpg 1024w, https:\/\/www.ivoox.com\/blog\/wp-content\/uploads\/2020\/09\/portada-blog-modo-oscuro-768x432.jpg 768w\" sizes=\"(max-width: 1200px) 100vw, 1200px\" style=\"width:100%;height:56.25%;max-width:1200px;\" \/>\t\t\t\t<\/a>\n\t\t\t\t\t\t\t<\/figure><!-- .post-thumbnail -->\n\n\t\t\t\t\n<p>Despu\u00e9s de recibir muchas peticiones por parte de los oyentes&#8230; Podemos afirmar que \u00a1se acabaron los destellos por la noche!<\/p>\n\n\n\n<p>Sabemos que la luz de vuestro dispositivo os deslumbraba por la noche y no ofrec\u00eda la experiencia satisfactoria que queremos que teng\u00e1is con la app, as\u00ed que estos \u00faltimos meses hemos estado trabajando para que una de vuestras mayores demandas, se acabe instaurando en iVoox: <strong>\u00a1El esperado modo oscuro ya est\u00e1 disponible en Android!<\/strong><\/p>\n\n\n\n<h2 class=\"wp-block-heading\" id=\"elige-entre-modo-oscuro-o-modo-claro\"><span class=\"ez-toc-section\" id=\"Elige_entre_modo_oscuro_o_modo_claro\"><\/span>Elige entre modo oscuro o modo claro<span class=\"ez-toc-section-end\"><\/span><\/h2>\n\n\n\n<iframe loading=\"lazy\" src=\"https:\/\/player.vimeo.com\/video\/460648571\" width=\"640\" height=\"360\" frameborder=\"0\" allow=\"autoplay; fullscreen\" allowfullscreen=\"\"><\/iframe>\n\n\n\n<p><strong>Esta nueva funcionalidad la encontrar\u00e9is en la nueva versi\u00f3n de la app de Android (2.265). Podr\u00e9is seleccionarla desde \u00abAjustes\u00bb &#8211;&gt; \u00abApariencia\u00bb &#8211;&gt; \u00abActivar modo oscuro\u00bb<\/strong>. As\u00ed mismo, tambi\u00e9n podr\u00e9is activarla si desde los ajustes de vuestro dispositivo ten\u00e9is como predeterminado el modo oscuro. Lo explicamos en <a rel=\"noreferrer noopener\" href=\"https:\/\/ivoox.zendesk.com\/hc\/es-es\/articles\/360013524797--C%C3%B3mo-activar-el-modo-oscuro-\" target=\"_blank\">este art\u00edculo<\/a> de nuestro centro de ayuda. <\/p>\n\n\n\n<p>Es una de las funciones m\u00e1s esperadas por los oyentes de iVoox y es gracias a vuestras solicitudes y comentarios que hemos decidido implementarlo. As\u00ed que os animamos a seguir traslad\u00e1ndonos vuestras opiniones. Nosotros continuaremos trabajando para ofreceros m\u00e1s novedades y una experiencia cada vez mejor.<\/p>\n\n\n\n<p>As\u00ed que no esperes m\u00e1s&#8230; \u00a1p\u00e1sate al lado oscuro! Descarga la nueva versi\u00f3n de la app en la <a href=\"https:\/\/ivoox.zendesk.com\/hc\/es-es\/articles\/360013524797--C%C3%B3mo-activar-el-modo-oscuro-\" target=\"_blank\" rel=\"noreferrer noopener\">Store de Android<\/a> y disfr\u00fatalo.<\/p>\n\n\n\n<h2 class=\"wp-block-heading\" id=\"para-cuando-el-modo-oscuro-en-la-app-de-ios\"><span class=\"ez-toc-section\" id=\"%C2%BFPara_cuando_el_modo_oscuro_en_la_app_de_iOS\"><\/span>\u00bfPara cu\u00e1ndo el modo oscuro en la app de iOS?<span class=\"ez-toc-section-end\"><\/span><\/h2>\n\n\n\n<p><strong>\u00a1Usuarios de iOS! No os hemos olvidado. Tenemos pendiente implementar esta funcionalidad pr\u00f3ximamente<\/strong>, as\u00ed que estad atentos a todas nuestras comunicaciones porque os traeremos esta novedad muy pronto.<\/p>\n<\/div><div class=\"ivoox-post-banners\">\n<div class=\"banner-card\">\n\t<img src=\"https:\/\/www.ivoox.com\/blog\/wp-content\/themes\/ivoox-theme\/assets\/images\/banner-ivoox-app-r25.jpg\" alt=\"Descarga la app\" width=\"325\" height=\"260\" class=\"banner-image\">\n\t<div class=\"banner-content\">\n\t\t<h3>\n\t\t\tDescarga gratis la <span>app de iVoox<\/span>\n\t\t<\/h3>\n\t\t<p>\n\t\t\tEscucha cuando y donde quieras tus podcasts, radios y audiolibros favoritos.\n\t\t<\/p>\n\t\t<a href=\"https:\/\/www.ivoox.com\/_ik_descarga-app_1.html?utm_source%3Dbanner%26utm_medium%3Dweb%26utm_content%3Ddescargar_app%26utm_campaign%3Dblog\" target=\"blank\" class=\"btn\">Descargar gratis<\/a>\t<\/div>\n<\/div>\n<\/div><\/div>","protected":false},"excerpt":{"rendered":"<p>Llega el esperado modo oscuro a Android. Te explicamos todos sus detalles y como activarlo.<\/p>\n","protected":false},"author":5,"featured_media":76395,"comment_status":"open","ping_status":"closed","sticky":false,"template":"","format":"standard","meta":{"footnotes":""},"categories":[4],"tags":[],"class_list":["post-76387","post","type-post","status-publish","format-standard","has-post-thumbnail","hentry","category-nuevas-funcionalidades","entry"],"yoast_head":"<!-- This site is optimized with the Yoast SEO plugin v26.8 - https:\/\/yoast.com\/product\/yoast-seo-wordpress\/ -->\n<title>P\u00e1sate al lado oscuro en Android - iVoox Blog<\/title>\n<meta name=\"description\" content=\"Lllega el esperado modo oscuro a la app de iVoox en Android. Act\u00edvalo desde los ajustes de la app y tambi\u00e9n desde los ajustes de tu dispositivo.\" \/>\n<meta name=\"robots\" content=\"index, follow, max-snippet:-1, max-image-preview:large, max-video-preview:-1\" \/>\n<link rel=\"canonical\" href=\"https:\/\/www.ivoox.com\/blog\/pasate-al-lado-oscuro-en-android\/\" \/>\n<meta property=\"og:locale\" content=\"es_ES\" \/>\n<meta property=\"og:type\" content=\"article\" \/>\n<meta property=\"og:title\" content=\"P\u00e1sate al lado oscuro en Android - iVoox Blog\" \/>\n<meta property=\"og:description\" content=\"Lllega el esperado modo oscuro a la app de iVoox en Android. Act\u00edvalo desde los ajustes de la app y tambi\u00e9n desde los ajustes de tu dispositivo.\" \/>\n<meta property=\"og:url\" content=\"https:\/\/www.ivoox.com\/blog\/pasate-al-lado-oscuro-en-android\/\" \/>\n<meta property=\"og:site_name\" content=\"iVoox Blog\" \/>\n<meta property=\"article:published_time\" content=\"2020-10-01T08:44:36+00:00\" \/>\n<meta property=\"article:modified_time\" content=\"2022-02-23T09:38:21+00:00\" \/>\n<meta property=\"og:image\" content=\"https:\/\/www.ivoox.com\/blog\/wp-content\/uploads\/2020\/09\/portada-blog-modo-oscuro.jpg\" \/>\n\t<meta property=\"og:image:width\" content=\"1200\" \/>\n\t<meta property=\"og:image:height\" content=\"675\" \/>\n\t<meta property=\"og:image:type\" content=\"image\/jpeg\" \/>\n<meta name=\"author\" content=\"Marta Tejada\" \/>\n<meta name=\"twitter:card\" content=\"summary_large_image\" \/>\n<meta name=\"twitter:label1\" content=\"Escrito por\" \/>\n\t<meta name=\"twitter:data1\" content=\"Marta Tejada\" \/>\n\t<meta name=\"twitter:label2\" content=\"Tiempo de lectura\" \/>\n\t<meta name=\"twitter:data2\" content=\"2 minutos\" \/>\n<!-- \/ Yoast SEO plugin. -->","yoast_head_json":{"title":"P\u00e1sate al lado oscuro en Android - iVoox Blog","description":"Lllega el esperado modo oscuro a la app de iVoox en Android. Act\u00edvalo desde los ajustes de la app y tambi\u00e9n desde los ajustes de tu dispositivo.","robots":{"index":"index","follow":"follow","max-snippet":"max-snippet:-1","max-image-preview":"max-image-preview:large","max-video-preview":"max-video-preview:-1"},"canonical":"https:\/\/www.ivoox.com\/blog\/pasate-al-lado-oscuro-en-android\/","og_locale":"es_ES","og_type":"article","og_title":"P\u00e1sate al lado oscuro en Android - iVoox Blog","og_description":"Lllega el esperado modo oscuro a la app de iVoox en Android. Act\u00edvalo desde los ajustes de la app y tambi\u00e9n desde los ajustes de tu dispositivo.","og_url":"https:\/\/www.ivoox.com\/blog\/pasate-al-lado-oscuro-en-android\/","og_site_name":"iVoox Blog","article_published_time":"2020-10-01T08:44:36+00:00","article_modified_time":"2022-02-23T09:38:21+00:00","og_image":[{"width":1200,"height":675,"url":"https:\/\/www.ivoox.com\/blog\/wp-content\/uploads\/2020\/09\/portada-blog-modo-oscuro.jpg","type":"image\/jpeg"}],"author":"Marta Tejada","twitter_card":"summary_large_image","twitter_misc":{"Escrito por":"Marta Tejada","Tiempo de lectura":"2 minutos"},"schema":{"@context":"https:\/\/schema.org","@graph":[{"@type":"NewsArticle","@id":"https:\/\/www.ivoox.com\/blog\/pasate-al-lado-oscuro-en-android\/#article","isPartOf":{"@id":"https:\/\/www.ivoox.com\/blog\/pasate-al-lado-oscuro-en-android\/"},"author":{"name":"Marta Tejada","@id":"https:\/\/www.ivoox.com\/blog\/#\/schema\/person\/6eb09afbd78bf92a7715e36a1aefea33"},"headline":"P\u00e1sate al lado oscuro en Android","datePublished":"2020-10-01T08:44:36+00:00","dateModified":"2022-02-23T09:38:21+00:00","mainEntityOfPage":{"@id":"https:\/\/www.ivoox.com\/blog\/pasate-al-lado-oscuro-en-android\/"},"wordCount":268,"commentCount":0,"publisher":{"@id":"https:\/\/www.ivoox.com\/blog\/#organization"},"image":{"@id":"https:\/\/www.ivoox.com\/blog\/pasate-al-lado-oscuro-en-android\/#primaryimage"},"thumbnailUrl":"https:\/\/www.ivoox.com\/blog\/wp-content\/uploads\/2020\/09\/portada-blog-modo-oscuro.jpg","articleSection":["Nuevas funcionalidades"],"inLanguage":"es","potentialAction":[{"@type":"CommentAction","name":"Comment","target":["https:\/\/www.ivoox.com\/blog\/pasate-al-lado-oscuro-en-android\/#respond"]}]},{"@type":["WebPage","ItemPage"],"@id":"https:\/\/www.ivoox.com\/blog\/pasate-al-lado-oscuro-en-android\/","url":"https:\/\/www.ivoox.com\/blog\/pasate-al-lado-oscuro-en-android\/","name":"P\u00e1sate al lado oscuro en Android - iVoox Blog","isPartOf":{"@id":"https:\/\/www.ivoox.com\/blog\/#website"},"primaryImageOfPage":{"@id":"https:\/\/www.ivoox.com\/blog\/pasate-al-lado-oscuro-en-android\/#primaryimage"},"image":{"@id":"https:\/\/www.ivoox.com\/blog\/pasate-al-lado-oscuro-en-android\/#primaryimage"},"thumbnailUrl":"https:\/\/www.ivoox.com\/blog\/wp-content\/uploads\/2020\/09\/portada-blog-modo-oscuro.jpg","datePublished":"2020-10-01T08:44:36+00:00","dateModified":"2022-02-23T09:38:21+00:00","description":"Lllega el esperado modo oscuro a la app de iVoox en Android. Act\u00edvalo desde los ajustes de la app y tambi\u00e9n desde los ajustes de tu dispositivo.","breadcrumb":{"@id":"https:\/\/www.ivoox.com\/blog\/pasate-al-lado-oscuro-en-android\/#breadcrumb"},"inLanguage":"es","potentialAction":[{"@type":"ReadAction","target":["https:\/\/www.ivoox.com\/blog\/pasate-al-lado-oscuro-en-android\/"]}]},{"@type":"ImageObject","inLanguage":"es","@id":"https:\/\/www.ivoox.com\/blog\/pasate-al-lado-oscuro-en-android\/#primaryimage","url":"https:\/\/www.ivoox.com\/blog\/wp-content\/uploads\/2020\/09\/portada-blog-modo-oscuro.jpg","contentUrl":"https:\/\/www.ivoox.com\/blog\/wp-content\/uploads\/2020\/09\/portada-blog-modo-oscuro.jpg","width":1200,"height":675},{"@type":"BreadcrumbList","@id":"https:\/\/www.ivoox.com\/blog\/pasate-al-lado-oscuro-en-android\/#breadcrumb","itemListElement":[{"@type":"ListItem","position":1,"name":"Home","item":"https:\/\/www.ivoox.com\/blog\/"},{"@type":"ListItem","position":2,"name":"P\u00e1sate al lado oscuro en Android"}]},{"@type":"WebSite","@id":"https:\/\/www.ivoox.com\/blog\/#website","url":"https:\/\/www.ivoox.com\/blog\/","name":"iVoox Blog","description":"\u00daltimas noticias de iVoox","publisher":{"@id":"https:\/\/www.ivoox.com\/blog\/#organization"},"potentialAction":[{"@type":"SearchAction","target":{"@type":"EntryPoint","urlTemplate":"https:\/\/www.ivoox.com\/blog\/?s={search_term_string}"},"query-input":{"@type":"PropertyValueSpecification","valueRequired":true,"valueName":"search_term_string"}}],"inLanguage":"es"},{"@type":"Organization","@id":"https:\/\/www.ivoox.com\/blog\/#organization","name":"iVoox Blog","url":"https:\/\/www.ivoox.com\/blog\/","logo":{"@type":"ImageObject","inLanguage":"es","@id":"https:\/\/www.ivoox.com\/blog\/#\/schema\/logo\/image\/","url":"https:\/\/www.ivoox.com\/blog\/wp-content\/uploads\/2022\/02\/1x1.png","contentUrl":"https:\/\/www.ivoox.com\/blog\/wp-content\/uploads\/2022\/02\/1x1.png","width":1,"height":1,"caption":"iVoox Blog"},"image":{"@id":"https:\/\/www.ivoox.com\/blog\/#\/schema\/logo\/image\/"}},{"@type":"Person","@id":"https:\/\/www.ivoox.com\/blog\/#\/schema\/person\/6eb09afbd78bf92a7715e36a1aefea33","name":"Marta Tejada","image":{"@type":"ImageObject","inLanguage":"es","@id":"https:\/\/www.ivoox.com\/blog\/#\/schema\/person\/image\/","url":"https:\/\/secure.gravatar.com\/avatar\/f52c4f112bed27b0877f8c46e66306b51a0d1a2608a8c31b1781cdd5a3ada794?s=96&d=mm&r=g","contentUrl":"https:\/\/secure.gravatar.com\/avatar\/f52c4f112bed27b0877f8c46e66306b51a0d1a2608a8c31b1781cdd5a3ada794?s=96&d=mm&r=g","caption":"Marta Tejada"},"description":"Equipo de Marketing y Contenidos de iVoox. Algunos de mis podcasts favoritos: - La Cronoficci\u00f3n - Noviembre Nocturno - Concepto Sentido","url":"https:\/\/www.ivoox.com\/blog\/author\/marta-tejada\/"}]}},"_links":{"self":[{"href":"https:\/\/www.ivoox.com\/blog\/wp-json\/wp\/v2\/posts\/76387","targetHints":{"allow":["GET"]}}],"collection":[{"href":"https:\/\/www.ivoox.com\/blog\/wp-json\/wp\/v2\/posts"}],"about":[{"href":"https:\/\/www.ivoox.com\/blog\/wp-json\/wp\/v2\/types\/post"}],"author":[{"embeddable":true,"href":"https:\/\/www.ivoox.com\/blog\/wp-json\/wp\/v2\/users\/5"}],"replies":[{"embeddable":true,"href":"https:\/\/www.ivoox.com\/blog\/wp-json\/wp\/v2\/comments?post=76387"}],"version-history":[{"count":2,"href":"https:\/\/www.ivoox.com\/blog\/wp-json\/wp\/v2\/posts\/76387\/revisions"}],"predecessor-version":[{"id":80323,"href":"https:\/\/www.ivoox.com\/blog\/wp-json\/wp\/v2\/posts\/76387\/revisions\/80323"}],"wp:featuredmedia":[{"embeddable":true,"href":"https:\/\/www.ivoox.com\/blog\/wp-json\/wp\/v2\/media\/76395"}],"wp:attachment":[{"href":"https:\/\/www.ivoox.com\/blog\/wp-json\/wp\/v2\/media?parent=76387"}],"wp:term":[{"taxonomy":"category","embeddable":true,"href":"https:\/\/www.ivoox.com\/blog\/wp-json\/wp\/v2\/categories?post=76387"},{"taxonomy":"post_tag","embeddable":true,"href":"https:\/\/www.ivoox.com\/blog\/wp-json\/wp\/v2\/tags?post=76387"}],"curies":[{"name":"wp","href":"https:\/\/api.w.org\/{rel}","templated":true}]}}