{"id":85976,"date":"2026-01-12T09:30:00","date_gmt":"2026-01-12T08:30:00","guid":{"rendered":"https:\/\/www.ivoox.com\/blog\/?p=85976"},"modified":"2026-01-13T08:38:02","modified_gmt":"2026-01-13T07:38:02","slug":"podcasts-en-catala","status":"publish","type":"post","link":"https:\/\/www.ivoox.com\/blog\/podcasts-en-catala\/","title":{"rendered":"Els millors podcasts en catal\u00e0 ({year})"},"content":{"rendered":"<div class=\"ivoox-post-content\"><div class=\"ivoox-post-index\" id=\"table-content\"><div id=\"ez-toc-container\" class=\"ez-toc-v2_0_80 counter-hierarchy ez-toc-counter ez-toc-grey ez-toc-container-direction\">\n<div class=\"ez-toc-title-container\"><p class=\"ez-toc-title\" style=\"cursor:inherit\">Tabla de contenidos<\/p>\n<\/div><nav><ul class='ez-toc-list ez-toc-list-level-1 ' ><li class='ez-toc-page-1 ez-toc-heading-level-2'><a class=\"ez-toc-link ez-toc-heading-1\" href=\"https:\/\/www.ivoox.com\/blog\/podcasts-en-catala\/#Els_millors_podcasts_en_catala_gratis\" >Els millors podcasts en catal\u00e0 gratis<\/a><ul class='ez-toc-list-level-3' ><li class='ez-toc-heading-level-3'><a class=\"ez-toc-link ez-toc-heading-2\" href=\"https:\/\/www.ivoox.com\/blog\/podcasts-en-catala\/#Crims\" >Crims<\/a><\/li><li class='ez-toc-page-1 ez-toc-heading-level-3'><a class=\"ez-toc-link ez-toc-heading-3\" href=\"https:\/\/www.ivoox.com\/blog\/podcasts-en-catala\/#El_bunquer\" >El b\u00fanquer<\/a><\/li><li class='ez-toc-page-1 ez-toc-heading-level-3'><a class=\"ez-toc-link ez-toc-heading-4\" href=\"https:\/\/www.ivoox.com\/blog\/podcasts-en-catala\/#La_competencia\" >La compet\u00e8ncia<\/a><\/li><li class='ez-toc-page-1 ez-toc-heading-level-3'><a class=\"ez-toc-link ez-toc-heading-5\" href=\"https:\/\/www.ivoox.com\/blog\/podcasts-en-catala\/#La_Sotana\" >La Sotana<\/a><\/li><li class='ez-toc-page-1 ez-toc-heading-level-3'><a class=\"ez-toc-link ez-toc-heading-6\" href=\"https:\/\/www.ivoox.com\/blog\/podcasts-en-catala\/#Que_no_surti_daqui\" >Que no surti d&#8217;aqu\u00ed<\/a><\/li><li class='ez-toc-page-1 ez-toc-heading-level-3'><a class=\"ez-toc-link ez-toc-heading-7\" href=\"https:\/\/www.ivoox.com\/blog\/podcasts-en-catala\/#Font_de_Misteris\" >Font de Misteris<\/a><\/li><li class='ez-toc-page-1 ez-toc-heading-level-3'><a class=\"ez-toc-link ez-toc-heading-8\" href=\"https:\/\/www.ivoox.com\/blog\/podcasts-en-catala\/#En_guardia\" >En gu\u00e0rdia!<\/a><\/li><li class='ez-toc-page-1 ez-toc-heading-level-3'><a class=\"ez-toc-link ez-toc-heading-9\" href=\"https:\/\/www.ivoox.com\/blog\/podcasts-en-catala\/#Gent_de_Merda\" >Gent de Merda<\/a><\/li><li class='ez-toc-page-1 ez-toc-heading-level-3'><a class=\"ez-toc-link ez-toc-heading-10\" href=\"https:\/\/www.ivoox.com\/blog\/podcasts-en-catala\/#Tu_Diras\" >Tu Dir\u00e0s<\/a><\/li><li class='ez-toc-page-1 ez-toc-heading-level-3'><a class=\"ez-toc-link ez-toc-heading-11\" href=\"https:\/\/www.ivoox.com\/blog\/podcasts-en-catala\/#El_mon_a_RAC1\" >El m\u00f3n a RAC1<\/a><\/li><li class='ez-toc-page-1 ez-toc-heading-level-3'><a class=\"ez-toc-link ez-toc-heading-12\" href=\"https:\/\/www.ivoox.com\/blog\/podcasts-en-catala\/#La_Nit_Mes_Fosca\" >La Nit M\u00e9s Fosca<\/a><\/li><li class='ez-toc-page-1 ez-toc-heading-level-3'><a class=\"ez-toc-link ez-toc-heading-13\" href=\"https:\/\/www.ivoox.com\/blog\/podcasts-en-catala\/#LArrabassada\" >L&#8217;Arrabassada<\/a><\/li><li class='ez-toc-page-1 ez-toc-heading-level-3'><a class=\"ez-toc-link ez-toc-heading-14\" href=\"https:\/\/www.ivoox.com\/blog\/podcasts-en-catala\/#La_cullerada\" >La cullerada<\/a><\/li><li class='ez-toc-page-1 ez-toc-heading-level-3'><a class=\"ez-toc-link ez-toc-heading-15\" href=\"https:\/\/www.ivoox.com\/blog\/podcasts-en-catala\/#Mapamundi\" >Mapamundi<\/a><\/li><li class='ez-toc-page-1 ez-toc-heading-level-3'><a class=\"ez-toc-link ez-toc-heading-16\" href=\"https:\/\/www.ivoox.com\/blog\/podcasts-en-catala\/#A_les_portes_de_Troia\" >A les portes de Troia<\/a><\/li><li class='ez-toc-page-1 ez-toc-heading-level-3'><a class=\"ez-toc-link ez-toc-heading-17\" href=\"https:\/\/www.ivoox.com\/blog\/podcasts-en-catala\/#La_Renaixenca\" >La Renaixen\u00e7a<\/a><\/li><\/ul><\/li><li class='ez-toc-page-1 ez-toc-heading-level-2'><a class=\"ez-toc-link ez-toc-heading-18\" href=\"https:\/\/www.ivoox.com\/blog\/podcasts-en-catala\/#Preguntes_frequents\" >Preguntes freq\u00fcents<\/a><\/li><\/ul><\/nav><\/div>\n<\/div><div class=\"ivoox-post-body\">\n\t\t\n\t\t\t<figure class=\"post-thumbnail\">\n\t\t\t\t<a class=\"post-thumbnail-inner alignwide\" href=\"https:\/\/www.ivoox.com\/blog\/podcasts-en-catala\/\" aria-hidden=\"true\" tabindex=\"-1\">\n\t\t\t\t\t<img width=\"1200\" height=\"675\" src=\"https:\/\/www.ivoox.com\/blog\/wp-content\/uploads\/2025\/03\/podcasts-en-catala-1.webp\" class=\"attachment-post-thumbnail size-post-thumbnail wp-post-image\" alt=\"Els millors podcasts en catal\u00e0\" srcset=\"https:\/\/www.ivoox.com\/blog\/wp-content\/uploads\/2025\/03\/podcasts-en-catala-1.webp 1200w, https:\/\/www.ivoox.com\/blog\/wp-content\/uploads\/2025\/03\/podcasts-en-catala-1-300x169.webp 300w, https:\/\/www.ivoox.com\/blog\/wp-content\/uploads\/2025\/03\/podcasts-en-catala-1-1024x576.webp 1024w, https:\/\/www.ivoox.com\/blog\/wp-content\/uploads\/2025\/03\/podcasts-en-catala-1-768x432.webp 768w\" sizes=\"(max-width: 1200px) 100vw, 1200px\" style=\"width:100%;height:56.25%;max-width:1200px;\" \/>\t\t\t\t<\/a>\n\t\t\t\t\t\t\t\t\t<figcaption class=\"wp-caption-text\">Els millors podcasts en catal\u00e0<\/figcaption>\n\t\t\t\t\t\t\t<\/figure><!-- .post-thumbnail -->\n\n\t\t\t\t\n<p>T&#8217;encanten els podcasts i t&#8217;agradaria descobrir-ne de nous en catal\u00e0? Et portem un recull amb els <strong>millors podcasts en catal\u00e0 <\/strong>de totes les tem\u00e0tiques. Sigui quina sigui la teva preferida, gaudeix de noves veus, hist\u00f2ries i converses que t\u2019acompanyaran en el teu dia a dia. T&#8217;apuntes? <a href=\"https:\/\/www.ivoox.com\/_ik_descarga-app_1.html?utm_source=post_btn_descargarapp&amp;utm_medium=web&amp;utm_content=descargar_app&amp;utm_campaign=blog&amp;utm_term=podcasts-en-catala\" target=\"_blank\" rel=\"noreferrer noopener\">Escolta&#8217;ls gratis a iVoox<\/a> i endinsa&#8217;t en les produccions m\u00e9s destacades! \ud83d\udca5<\/p>\n\n\n\n<h2 class=\"wp-block-heading\" id=\"els-millors-podcasts-en-catala-gratis\"><span class=\"ez-toc-section\" id=\"Els_millors_podcasts_en_catala_gratis\"><\/span>Els millors podcasts en catal\u00e0 gratis<span class=\"ez-toc-section-end\"><\/span><\/h2>\n\n\n\n<h3 class=\"wp-block-heading\" id=\"crims\"><span class=\"ez-toc-section\" id=\"Crims\"><\/span><strong><a href=\"https:\/\/www.ivoox.com\/podcast-crims_sq_f1611867_1.html?utm_source=post_h3&amp;utm_medium=web&amp;utm_content=podcast&amp;utm_campaign=blog&amp;utm_term=podcasts-en-catala\" target=\"_blank\" rel=\"noreferrer noopener\">Crims<\/a><\/strong><span class=\"ez-toc-section-end\"><\/span><\/h3>\n\n\n\n<div class=\"wp-block-image\"><figure class=\"aligncenter size-full\"><a href=\"https:\/\/www.ivoox.com\/podcast-crims_sq_f1611867_1.html?utm_source=post_img&amp;utm_medium=web&amp;utm_content=podcast&amp;utm_campaign=blog&amp;utm_term=podcasts-en-catala\" target=\"_blank\" rel=\"noopener\"><img loading=\"lazy\" decoding=\"async\" width=\"400\" height=\"400\" src=\"https:\/\/www.ivoox.com\/blog\/wp-content\/uploads\/2026\/01\/els-millors-podcasts-en-catala-crims.webp\" alt=\"Els millors podcasts en catal\u00e0 - Crims\" class=\"wp-image-91475\" srcset=\"https:\/\/www.ivoox.com\/blog\/wp-content\/uploads\/2026\/01\/els-millors-podcasts-en-catala-crims.webp 400w, https:\/\/www.ivoox.com\/blog\/wp-content\/uploads\/2026\/01\/els-millors-podcasts-en-catala-crims-300x300.webp 300w, https:\/\/www.ivoox.com\/blog\/wp-content\/uploads\/2026\/01\/els-millors-podcasts-en-catala-crims-150x150.webp 150w\" sizes=\"auto, (max-width: 400px) 100vw, 400px\" \/><\/a><\/figure><\/div>\n\n\n\n<p>Tot i comptar amb una exitosa versi\u00f3 televisiva, el programa insignia de crims reals en catal\u00e0 mai no ha perdut la seva ess\u00e8ncia i segueix actiu en el format radiof\u00f2nic original. Amb rigorositat i una narrativa molt adictiva, Carles Porta et parla d\u2019assassinats o de misteris sense resoldre que no et deixaran indiferent. No et perdis <a href=\"https:\/\/www.ivoox.com\/blog\/mejores-episodios-crims\/\">els millors episodis de <em>Crims<\/em><\/a> i descobreix els secrets darrere els casos m\u00e9s impactants de Catalunya! <br><strong><em><a href=\"https:\/\/www.ivoox.com\/podcast-crims_sq_f1611867_1.html?utm_source=post_escucha&amp;utm_medium=web&amp;utm_content=podcast&amp;utm_campaign=blog&amp;utm_term=podcasts-en-catala\" target=\"_blank\" rel=\"noreferrer noopener\">Escolta Crims gratis a iVoox<\/a><\/em><\/strong><\/p>\n\n\n\n<h3 class=\"wp-block-heading\" id=\"el-bunquer\"><span class=\"ez-toc-section\" id=\"El_bunquer\"><\/span><strong><a href=\"https:\/\/www.ivoox.com\/podcast-bunquer_sq_f11031220_1.html?utm_source=post_h3&amp;utm_medium=web&amp;utm_content=podcast&amp;utm_campaign=blog&amp;utm_term=podcasts-en-catala\" target=\"_blank\" rel=\"noreferrer noopener\">El b\u00fanquer<\/a><\/strong><span class=\"ez-toc-section-end\"><\/span><\/h3>\n\n\n\n<div class=\"wp-block-image\"><figure class=\"aligncenter size-full\"><a href=\"https:\/\/www.ivoox.com\/podcast-bunquer_sq_f11031220_1.html?utm_source=post_img&amp;utm_medium=web&amp;utm_content=podcast&amp;utm_campaign=blog&amp;utm_term=podcasts-en-catala\" target=\"_blank\" rel=\"noopener\"><img loading=\"lazy\" decoding=\"async\" width=\"400\" height=\"400\" src=\"https:\/\/www.ivoox.com\/blog\/wp-content\/uploads\/2023\/11\/els-millors-podcasts-en-catala-el-bunquer.webp\" alt=\"El b\u00fanquer\" class=\"wp-image-85988\" srcset=\"https:\/\/www.ivoox.com\/blog\/wp-content\/uploads\/2023\/11\/els-millors-podcasts-en-catala-el-bunquer.webp 400w, https:\/\/www.ivoox.com\/blog\/wp-content\/uploads\/2023\/11\/els-millors-podcasts-en-catala-el-bunquer-300x300.webp 300w, https:\/\/www.ivoox.com\/blog\/wp-content\/uploads\/2023\/11\/els-millors-podcasts-en-catala-el-bunquer-150x150.webp 150w\" sizes=\"auto, (max-width: 400px) 100vw, 400px\" \/><\/a><\/figure><\/div>\n\n\n\n<p>T&#8217;interessen les vides dels grans personatges hist\u00f2rics? Aquest \u00e9s l&#8217;espai on Neus Rossell, Jair Dom\u00ednguez i Peyu repassen les hist\u00f2ries de grans figures mentre opinen lliurement de tot el que els hi passa pel cap. Oblida&#8217;t dels <a href=\"https:\/\/www.ivoox.com\/blog\/podcasts-de-biografias\/\">podcasts de biografies<\/a> tradicionals i gaudeix de la teva dosi di\u00e0ria d\u2019humor irreverent sense cap mena de filtre!<br><strong><em><a href=\"https:\/\/www.ivoox.com\/podcast-bunquer_sq_f11031220_1.html?utm_source=post_escucha&amp;utm_medium=web&amp;utm_content=podcast&amp;utm_campaign=blog&amp;utm_term=podcasts-en-catala\" target=\"_blank\" rel=\"noreferrer noopener\">Escolta El b\u00fanquer gratis a iVoox<\/a><\/em><\/strong><\/p>\n\n\n\n<h3 class=\"wp-block-heading\" id=\"la-competencia\"><span class=\"ez-toc-section\" id=\"La_competencia\"><\/span><strong><a href=\"https:\/\/www.ivoox.com\/podcast-competencia-programa-sencer_sq_f146988_1.html?utm_source=post_h3&amp;utm_medium=web&amp;utm_content=podcast&amp;utm_campaign=blog&amp;utm_term=podcasts-en-catala\" target=\"_blank\" rel=\"noreferrer noopener\">La compet\u00e8ncia<\/a><\/strong><span class=\"ez-toc-section-end\"><\/span><\/h3>\n\n\n\n<div class=\"wp-block-image\"><figure class=\"aligncenter size-full\"><a href=\"https:\/\/www.ivoox.com\/podcast-competencia-programa-sencer_sq_f146988_1.html?utm_source=post_img&amp;utm_medium=web&amp;utm_content=podcast&amp;utm_campaign=blog&amp;utm_term=podcasts-en-catala\" target=\"_blank\" rel=\"noopener\"><img loading=\"lazy\" decoding=\"async\" width=\"400\" height=\"400\" src=\"https:\/\/www.ivoox.com\/blog\/wp-content\/uploads\/2023\/11\/els-millors-podcasts-en-catala-la-competencia.webp\" alt=\"Els millors podcasts en catal\u00e0 - La compet\u00e8ncia\" class=\"wp-image-85993\" srcset=\"https:\/\/www.ivoox.com\/blog\/wp-content\/uploads\/2023\/11\/els-millors-podcasts-en-catala-la-competencia.webp 400w, https:\/\/www.ivoox.com\/blog\/wp-content\/uploads\/2023\/11\/els-millors-podcasts-en-catala-la-competencia-300x300.webp 300w, https:\/\/www.ivoox.com\/blog\/wp-content\/uploads\/2023\/11\/els-millors-podcasts-en-catala-la-competencia-150x150.webp 150w\" sizes=\"auto, (max-width: 400px) 100vw, 400px\" \/><\/a><\/figure><\/div>\n\n\n\n<p>Si busques estar al dia del que succeeix al m\u00f3n mentre prens una dosi de rialles, \u00d2scar Dalmau i \u00d2scar Andreu s\u00f3n els mestres de cerim\u00f2nies d\u2019un dels <a href=\"https:\/\/www.ivoox.com\/blog\/los-mejores-podcasts-de-humor\/\">podcasts d&#8217;humor<\/a> m\u00e9s emblem\u00e0tics de Catalunya. <em>La compet\u00e8ncia<\/em> t&#8217;oferir\u00e0 una an\u00e0lisi de l\u2019actualitat per part de personatges que ja s\u00f3n icones: Angelines, Mohamed Jordi, Jep Cabestany i molts altres\u2026 Sona b\u00e9, veritat? Dona-li al play! <br><strong><em><a href=\"https:\/\/www.ivoox.com\/podcast-competencia-programa-sencer_sq_f146988_1.html?utm_source=post_escucha&amp;utm_medium=web&amp;utm_content=podcast&amp;utm_campaign=blog&amp;utm_term=podcasts-en-catala\" target=\"_blank\" rel=\"noreferrer noopener\">Escolta La compet\u00e8ncia gratis a iVoox<\/a><\/em><\/strong><\/p>\n\n\n\n<h3 class=\"wp-block-heading\" id=\"la-sotana\"><span class=\"ez-toc-section\" id=\"La_Sotana\"><\/span><strong><a href=\"https:\/\/www.ivoox.com\/podcast-sotana_sq_f1652706_1.html?utm_source=post_h3&amp;utm_medium=web&amp;utm_content=podcast&amp;utm_campaign=blog&amp;utm_term=podcasts-en-catala\" target=\"_blank\" rel=\"noreferrer noopener\">La Sotana<\/a><\/strong><span class=\"ez-toc-section-end\"><\/span><\/h3>\n\n\n\n<div class=\"wp-block-image\"><figure class=\"aligncenter size-full\"><a href=\"https:\/\/www.ivoox.com\/podcast-sotana_sq_f1652706_1.html?utm_source=post_img&amp;utm_medium=web&amp;utm_content=podcast&amp;utm_campaign=blog&amp;utm_term=podcasts-en-catala\" target=\"_blank\" rel=\"noopener\"><img loading=\"lazy\" decoding=\"async\" width=\"400\" height=\"400\" src=\"https:\/\/www.ivoox.com\/blog\/wp-content\/uploads\/2023\/11\/els-millors-podcasts-en-catala-la-sotana.webp\" alt=\"La Sotana\" class=\"wp-image-85996\" srcset=\"https:\/\/www.ivoox.com\/blog\/wp-content\/uploads\/2023\/11\/els-millors-podcasts-en-catala-la-sotana.webp 400w, https:\/\/www.ivoox.com\/blog\/wp-content\/uploads\/2023\/11\/els-millors-podcasts-en-catala-la-sotana-300x300.webp 300w, https:\/\/www.ivoox.com\/blog\/wp-content\/uploads\/2023\/11\/els-millors-podcasts-en-catala-la-sotana-150x150.webp 150w\" sizes=\"auto, (max-width: 400px) 100vw, 400px\" \/><\/a><\/figure><\/div>\n\n\n\n<p>Ets culer i t&#8217;agrada assabentar-te de les \u00faltimes novetats? Doncs queda&#8217;t perqu\u00e8 aquest podcast \u00e9s ideal per a tu. <em>La Sotana<\/em> \u00e9s un podcast en catal\u00e0 d\u2019actualitat blaugrana on el que menys importa \u00e9s el rigor period\u00edstic. En els seus episodis comenten tot el que has de saber del Bar\u00e7a fugint de t\u00f2pics, amb un humor salvatge i sempre en bona companyia. No t&#8217;ho perdis! \u26bd\ufe0f<br><strong><em><a href=\"https:\/\/www.ivoox.com\/podcast-sotana_sq_f1652706_1.html?utm_source=post_escucha&amp;utm_medium=web&amp;utm_content=podcast&amp;utm_campaign=blog&amp;utm_term=podcasts-en-catala\" target=\"_blank\" rel=\"noreferrer noopener\">Escolta La Sotana gratis a iVoox<\/a><\/em><\/strong><\/p>\n\n\n\n<h3 class=\"wp-block-heading\" id=\"que-no-surti-d-aqui\"><span class=\"ez-toc-section\" id=\"Que_no_surti_daqui\"><\/span><strong><a href=\"https:\/\/www.ivoox.com\/podcast-que-no-surti-d-aqui_sq_f12258380_1.html?utm_source=post_h3&amp;utm_medium=web&amp;utm_content=podcast&amp;utm_campaign=blog&amp;utm_term=podcasts-en-catala\" target=\"_blank\" rel=\"noreferrer noopener\">Que no surti d&#8217;aqu\u00ed<\/a><\/strong><span class=\"ez-toc-section-end\"><\/span><\/h3>\n\n\n\n<div class=\"wp-block-image\"><figure class=\"aligncenter size-full\"><a href=\"https:\/\/www.ivoox.com\/podcast-que-no-surti-d-aqui_sq_f12258380_1.html?utm_source=post_img&amp;utm_medium=web&amp;utm_content=podcast&amp;utm_campaign=blog&amp;utm_term=podcasts-en-catala\" target=\"_blank\" rel=\"noopener\"><img loading=\"lazy\" decoding=\"async\" width=\"400\" height=\"400\" src=\"https:\/\/www.ivoox.com\/blog\/wp-content\/uploads\/2025\/03\/els-millors-podcasts-en-catala-que-no-surti-daqui.webp\" alt=\"Que no surti d'aqu\u00ed\" class=\"wp-image-88262\" srcset=\"https:\/\/www.ivoox.com\/blog\/wp-content\/uploads\/2025\/03\/els-millors-podcasts-en-catala-que-no-surti-daqui.webp 400w, https:\/\/www.ivoox.com\/blog\/wp-content\/uploads\/2025\/03\/els-millors-podcasts-en-catala-que-no-surti-daqui-300x300.webp 300w, https:\/\/www.ivoox.com\/blog\/wp-content\/uploads\/2025\/03\/els-millors-podcasts-en-catala-que-no-surti-daqui-150x150.webp 150w\" sizes=\"auto, (max-width: 400px) 100vw, 400px\" \/><\/a><\/figure><\/div>\n\n\n\n<p>I si busques un bon podcast de com\u00e8dia en catal\u00e0, <em>Que no surti d&#8217;aqu\u00ed<\/em> \u00e9s la millor opci\u00f3. Amb la companyia de Roger Carandell, Marta Montaner i Juliana Canet, podr\u00e0s gaudir de debats sobre temes socialment rellevants amb humor i sense complexos. Tot un encert si vols passar una bona estona! <br><strong><em><a href=\"https:\/\/www.ivoox.com\/podcast-que-no-surti-d-aqui_sq_f12258380_1.html?utm_source=post_escucha&amp;utm_medium=web&amp;utm_content=podcast&amp;utm_campaign=blog&amp;utm_term=podcasts-en-catala\" target=\"_blank\" rel=\"noreferrer noopener\">Escolta Que no surti d&#8217;aqu\u00ed gratis a iVoox<\/a><\/em><\/strong><\/p>\n\n\n\n<h3 class=\"wp-block-heading\" id=\"font-de-misteris\"><span class=\"ez-toc-section\" id=\"Font_de_Misteris\"><\/span><strong><a href=\"https:\/\/www.ivoox.com\/podcast-podcast-font-misteris_sq_f1142535_1.html?utm_source=post_h3&amp;utm_medium=web&amp;utm_content=podcast&amp;utm_campaign=blog&amp;utm_term=podcasts-en-catala\" target=\"_blank\" rel=\"noreferrer noopener\">Font de Misteris<\/a><\/strong><span class=\"ez-toc-section-end\"><\/span><\/h3>\n\n\n\n<div class=\"wp-block-image\"><figure class=\"aligncenter size-full\"><a href=\"https:\/\/www.ivoox.com\/podcast-podcast-font-misteris_sq_f1142535_1.html?utm_source=post_img&amp;utm_medium=web&amp;utm_content=podcast&amp;utm_campaign=blog&amp;utm_term=podcasts-en-catala\" target=\"_blank\" rel=\"noopener\"><img loading=\"lazy\" decoding=\"async\" width=\"400\" height=\"400\" src=\"https:\/\/www.ivoox.com\/blog\/wp-content\/uploads\/2025\/03\/els-millors-podcasts-en-catala-font-de-misteris.webp\" alt=\"Font de misteris\" class=\"wp-image-88263\" srcset=\"https:\/\/www.ivoox.com\/blog\/wp-content\/uploads\/2025\/03\/els-millors-podcasts-en-catala-font-de-misteris.webp 400w, https:\/\/www.ivoox.com\/blog\/wp-content\/uploads\/2025\/03\/els-millors-podcasts-en-catala-font-de-misteris-300x300.webp 300w, https:\/\/www.ivoox.com\/blog\/wp-content\/uploads\/2025\/03\/els-millors-podcasts-en-catala-font-de-misteris-150x150.webp 150w\" sizes=\"auto, (max-width: 400px) 100vw, 400px\" \/><\/a><\/figure><\/div>\n\n\n\n<p>Els Pa\u00efsos Catalans estan plens de mites i llegendes que mereixen ser explicades, i res millor que un bon podcast per a fer-ho. A <em>Font de Misteris <\/em>te\u2019n parlaran de totes elles i d\u2019alguns casos de fora de les nostres fronteres. Sempre amb molt de rigor i profunditat. T\u2019atreveixes a descobrir noves realitats? \ud83d\ude31<br><strong><em><a href=\"https:\/\/www.ivoox.com\/podcast-podcast-font-misteris_sq_f1142535_1.html?utm_source=post_escucha&amp;utm_medium=web&amp;utm_content=podcast&amp;utm_campaign=blog&amp;utm_term=podcasts-en-catala\" target=\"_blank\" rel=\"noreferrer noopener\">Escolta Font de Misteris gratis a iVoox<\/a><\/em><\/strong><\/p>\n\n\n\n<h3 class=\"wp-block-heading\" id=\"en-guardia\"><span class=\"ez-toc-section\" id=\"En_guardia\"><\/span><strong><a href=\"https:\/\/www.ivoox.com\/podcast-en-guardia_sq_f1589_1.html?utm_source=post_h3&amp;utm_medium=web&amp;utm_content=podcast&amp;utm_campaign=blog&amp;utm_term=podcasts-en-catala\" target=\"_blank\" rel=\"noreferrer noopener\">En gu\u00e0rdia!<\/a><\/strong><span class=\"ez-toc-section-end\"><\/span><\/h3>\n\n\n\n<div class=\"wp-block-image\"><figure class=\"aligncenter size-full\"><a href=\"https:\/\/www.ivoox.com\/podcast-en-guardia_sq_f1589_1.html?utm_source=post_img&amp;utm_medium=web&amp;utm_content=podcast&amp;utm_campaign=blog&amp;utm_term=podcasts-en-catala\" target=\"_blank\" rel=\"noopener\"><img loading=\"lazy\" decoding=\"async\" width=\"400\" height=\"400\" src=\"https:\/\/www.ivoox.com\/blog\/wp-content\/uploads\/2025\/03\/els-millors-podcasts-en-catala-en-guardia.webp\" alt=\"Els millors podcasts en catal\u00e0 - En gu\u00e0rdia!\" class=\"wp-image-88264\" srcset=\"https:\/\/www.ivoox.com\/blog\/wp-content\/uploads\/2025\/03\/els-millors-podcasts-en-catala-en-guardia.webp 400w, https:\/\/www.ivoox.com\/blog\/wp-content\/uploads\/2025\/03\/els-millors-podcasts-en-catala-en-guardia-300x300.webp 300w, https:\/\/www.ivoox.com\/blog\/wp-content\/uploads\/2025\/03\/els-millors-podcasts-en-catala-en-guardia-150x150.webp 150w\" sizes=\"auto, (max-width: 400px) 100vw, 400px\" \/><\/a><\/figure><\/div>\n\n\n\n<p>T&#8217;encanta la hist\u00f2ria i t&#8217;agradaria con\u00e8ixer els successos clau que han canviat el m\u00f3n? Llavors tens una cita setmanal amb aquest podcast catal\u00e0 divulgatiu. De <a href=\"https:\/\/www.ivoox.com\/l-ascens-dels-samurais-al-poder-audios-mp3_rf_111996763_1.html?utm_source=post&amp;utm_medium=web&amp;utm_content=audio&amp;utm_campaign=blog&amp;utm_term=els-millors-podcasts-en-catala\" target=\"_blank\" rel=\"noreferrer noopener\">l&#8217;ascens dels samurais<\/a> al <a href=\"https:\/\/www.ivoox.com\/rodatge-d-el-padri-audios-mp3_rf_116552274_1.html?utm_source=post&amp;utm_medium=web&amp;utm_content=audio&amp;utm_campaign=blog&amp;utm_term=els-millors-podcasts-en-catala\" target=\"_blank\" rel=\"noreferrer noopener\">rodatge d&#8217;<em>El Padr\u00ed<\/em><\/a>, passant per la <a href=\"https:\/\/www.ivoox.com\/primera-revolucio-industrial-a-catalunya-audios-mp3_rf_115749085_1.html?utm_source=post&amp;utm_medium=web&amp;utm_content=audio&amp;utm_campaign=blog&amp;utm_term=els-millors-podcasts-en-catala\" target=\"_blank\" rel=\"noreferrer noopener\">1a Revoluci\u00f3 Industrial a Catalunya<\/a>\u2026&nbsp;\u00c9s igual si estem davant de fets hist\u00f2rics mundials o locals, Enric Calpena i els seu equip te\u2019ls explicaran amb tot tipus de detalls i amb molta passi\u00f3. T&#8217;ho perdr\u00e0s? <br><strong><em><a href=\"https:\/\/www.ivoox.com\/podcast-en-guardia_sq_f1589_1.html?utm_source=post_escucha&amp;utm_medium=web&amp;utm_content=podcast&amp;utm_campaign=blog&amp;utm_term=podcasts-en-catala\" target=\"_blank\" rel=\"noreferrer noopener\">Escolta En gu\u00e0rdia! gratis a iVoox<\/a><\/em><\/strong><\/p>\n\n\n\n<h3 class=\"wp-block-heading\" id=\"gent-de-merda\"><span class=\"ez-toc-section\" id=\"Gent_de_Merda\"><\/span><strong><a href=\"https:\/\/www.ivoox.com\/podcast-gent-merda_sq_f1808409_1.html?utm_source=post_h3&amp;utm_medium=web&amp;utm_content=podcast&amp;utm_campaign=blog&amp;utm_term=podcasts-en-catala\" target=\"_blank\" rel=\"noreferrer noopener\">Gent de Merda<\/a><\/strong><span class=\"ez-toc-section-end\"><\/span><\/h3>\n\n\n\n<div class=\"wp-block-image\"><figure class=\"aligncenter size-full\"><a href=\"https:\/\/www.ivoox.com\/podcast-gent-merda_sq_f1808409_1.html?utm_source=post_img&amp;utm_medium=web&amp;utm_content=podcast&amp;utm_campaign=blog&amp;utm_term=podcasts-en-catala\" target=\"_blank\" rel=\"noopener\"><img loading=\"lazy\" decoding=\"async\" width=\"400\" height=\"400\" src=\"https:\/\/www.ivoox.com\/blog\/wp-content\/uploads\/2026\/01\/els-millors-podcasts-en-catala-gent-de-merda.webp\" alt=\"Els millors podcasts en catal\u00e0 - Gent de Merda \" class=\"wp-image-91476\" srcset=\"https:\/\/www.ivoox.com\/blog\/wp-content\/uploads\/2026\/01\/els-millors-podcasts-en-catala-gent-de-merda.webp 400w, https:\/\/www.ivoox.com\/blog\/wp-content\/uploads\/2026\/01\/els-millors-podcasts-en-catala-gent-de-merda-300x300.webp 300w, https:\/\/www.ivoox.com\/blog\/wp-content\/uploads\/2026\/01\/els-millors-podcasts-en-catala-gent-de-merda-150x150.webp 150w\" sizes=\"auto, (max-width: 400px) 100vw, 400px\" \/><\/a><\/figure><\/div>\n\n\n\n<p>Tots som gent de merda\u2026 i no passa res! Aquesta \u00e9s la filosofia de la Cl\u00e0udia Rius, la Paula Carreras, la Rita Roig i l\u2019Of\u00e8lia Carbonell, que en el seu <a href=\"https:\/\/www.ivoox.com\/blog\/podcasts-de-noticias-y-actualidad\/\">podcast d&#8217;actualitat<\/a> et parlaran de temes que ens toquen de prop i ens preocupen, per\u00f2 sense caure en el dramatisme i amb bones dosis d\u2019humor. No te&#8217;l perdis!<br><strong><em><a href=\"https:\/\/www.ivoox.com\/podcast-gent-merda_sq_f1808409_1.html?utm_source=post_escucha&amp;utm_medium=web&amp;utm_content=podcast&amp;utm_campaign=blog&amp;utm_term=podcasts-en-catala\" target=\"_blank\" rel=\"noreferrer noopener\">Escolta Gent de Merda gratis a iVoox<\/a><\/em><\/strong><\/p>\n\n\n\n<h3 class=\"wp-block-heading\" id=\"tu-diras\"><span class=\"ez-toc-section\" id=\"Tu_Diras\"><\/span><strong><a href=\"https:\/\/www.ivoox.com\/podcast-tu-diras_sq_f145318_1.html?utm_source=post_h3&amp;utm_medium=web&amp;utm_content=podcast&amp;utm_campaign=blog&amp;utm_term=podcasts-en-catala\" target=\"_blank\" rel=\"noreferrer noopener\">Tu Dir\u00e0s<\/a><\/strong><span class=\"ez-toc-section-end\"><\/span><\/h3>\n\n\n\n<div class=\"wp-block-image\"><figure class=\"aligncenter size-full\"><a href=\"https:\/\/www.ivoox.com\/podcast-tu-diras_sq_f145318_1.html?utm_source=post_img&amp;utm_medium=web&amp;utm_content=podcast&amp;utm_campaign=blog&amp;utm_term=podcasts-en-catala\" target=\"_blank\" rel=\"noopener\"><img loading=\"lazy\" decoding=\"async\" width=\"400\" height=\"400\" src=\"https:\/\/www.ivoox.com\/blog\/wp-content\/uploads\/2023\/11\/els-millors-podcasts-en-catala-tu-diras.jpg\" alt=\"Tu Dir\u00e0s\" class=\"wp-image-86001\" srcset=\"https:\/\/www.ivoox.com\/blog\/wp-content\/uploads\/2023\/11\/els-millors-podcasts-en-catala-tu-diras.jpg 400w, https:\/\/www.ivoox.com\/blog\/wp-content\/uploads\/2023\/11\/els-millors-podcasts-en-catala-tu-diras-300x300.jpg 300w, https:\/\/www.ivoox.com\/blog\/wp-content\/uploads\/2023\/11\/els-millors-podcasts-en-catala-tu-diras-150x150.jpg 150w\" sizes=\"auto, (max-width: 400px) 100vw, 400px\" \/><\/a><\/figure><\/div>\n\n\n\n<p>Vols estar al dia de tota l&#8217;<a href=\"https:\/\/www.ivoox.com\/blog\/podcasts-de-futbol\/\">actualitat futbol\u00edstica<\/a>? De la m\u00e0 de <em>RAC1<\/em>, <em>Tu Dir\u00e0s<\/em> \u00e9s un dels podcasts en catal\u00e0 de refer\u00e8ncia per con\u00e8ixer l&#8217;\u00faltima hora en el m\u00f3n de l\u2019esport. Condu\u00eft per l&#8217;Aleix Paris\u00e9 i amb el Bar\u00e7a com a gran protagonista, aqu\u00ed trobar\u00e0s la cr\u00f2nica i l&#8217;an\u00e0lisi de cada jornada, tert\u00falies, entrevistes amb els protagonistes\u2026 La font d\u2019informaci\u00f3 m\u00e9s completa per als culers! \ud83d\udd34 \ud83d\udd35<br><strong><em><a href=\"https:\/\/www.ivoox.com\/podcast-tu-diras_sq_f145318_1.html?utm_source=post_escucha&amp;utm_medium=web&amp;utm_content=podcast&amp;utm_campaign=blog&amp;utm_term=podcasts-en-catala\" target=\"_blank\" rel=\"noreferrer noopener\">Escolta Tu Dir\u00e0s gratis a iVoox<\/a><\/em><\/strong><\/p>\n\n\n\n<h3 class=\"wp-block-heading\" id=\"el-mon-a-rac1\"><span class=\"ez-toc-section\" id=\"El_mon_a_RAC1\"><\/span><strong><a href=\"https:\/\/www.ivoox.com\/podcast-podcast-mon-a-rac1_sq_f165309_1.html?utm_source=post_h3&amp;utm_medium=web&amp;utm_content=podcast&amp;utm_campaign=blog&amp;utm_term=podcasts-en-catala\" target=\"_blank\" rel=\"noreferrer noopener\">El m\u00f3n a RAC1<\/a><\/strong><span class=\"ez-toc-section-end\"><\/span><\/h3>\n\n\n\n<div class=\"wp-block-image\"><figure class=\"aligncenter size-full\"><a href=\"https:\/\/www.ivoox.com\/podcast-podcast-mon-a-rac1_sq_f165309_1.html?utm_source=post_img&amp;utm_medium=web&amp;utm_content=podcast&amp;utm_campaign=blog&amp;utm_term=podcasts-en-catala\" target=\"_blank\" rel=\"noopener\"><img loading=\"lazy\" decoding=\"async\" width=\"400\" height=\"400\" src=\"https:\/\/www.ivoox.com\/blog\/wp-content\/uploads\/2025\/03\/els-millors-podcasts-en-catala-el-mon-a-rac1.webp\" alt=\"El m\u00f3n a RAC1\" class=\"wp-image-88266\" srcset=\"https:\/\/www.ivoox.com\/blog\/wp-content\/uploads\/2025\/03\/els-millors-podcasts-en-catala-el-mon-a-rac1.webp 400w, https:\/\/www.ivoox.com\/blog\/wp-content\/uploads\/2025\/03\/els-millors-podcasts-en-catala-el-mon-a-rac1-300x300.webp 300w, https:\/\/www.ivoox.com\/blog\/wp-content\/uploads\/2025\/03\/els-millors-podcasts-en-catala-el-mon-a-rac1-150x150.webp 150w\" sizes=\"auto, (max-width: 400px) 100vw, 400px\" \/><\/a><\/figure><\/div>\n\n\n\n<p>Presentat pel Jordi Bast\u00e9, aquest \u00e9s el programa d\u2019actualitat l\u00edder de <em>RAC1<\/em>. Cada dia, t\u2019ofereix un resum de l\u2019\u00faltima hora amb les not\u00edcies m\u00e9s destacades, l\u2019an\u00e0lisi dels esdeveniments m\u00e9s importants i entrevistes amb els protagonistes. Un podcast imprescindible per estar sempre al dia. Escolta\u2019l ara i no et perdis res!<br><strong><em><a href=\"https:\/\/www.ivoox.com\/podcast-podcast-mon-a-rac1_sq_f165309_1.html?utm_source=post_escucha&amp;utm_medium=web&amp;utm_content=podcast&amp;utm_campaign=blog&amp;utm_term=podcasts-en-catala\" target=\"_blank\" rel=\"noreferrer noopener\">El m\u00f3n a RAC1 gratis a iVoox<\/a><\/em><\/strong><\/p>\n\n\n\n<h3 class=\"wp-block-heading\" id=\"la-nit-mes-fosca\"><span class=\"ez-toc-section\" id=\"La_Nit_Mes_Fosca\"><\/span><strong><a href=\"https:\/\/www.ivoox.com\/podcast-nit-mes-fosca_sq_f1455079_1.html?utm_source=post_h3&amp;utm_medium=web&amp;utm_content=podcast&amp;utm_campaign=blog&amp;utm_term=podcasts-en-catala\" target=\"_blank\" rel=\"noreferrer noopener\">La Nit M\u00e9s Fosca<\/a><\/strong><span class=\"ez-toc-section-end\"><\/span><\/h3>\n\n\n\n<div class=\"wp-block-image\"><figure class=\"aligncenter size-full\"><a href=\"https:\/\/www.ivoox.com\/podcast-nit-mes-fosca_sq_f1455079_1.html?utm_source=post_img&amp;utm_medium=web&amp;utm_content=podcast&amp;utm_campaign=blog&amp;utm_term=podcasts-en-catala\" target=\"_blank\" rel=\"noopener\"><img loading=\"lazy\" decoding=\"async\" width=\"400\" height=\"400\" src=\"https:\/\/www.ivoox.com\/blog\/wp-content\/uploads\/2025\/03\/els-millors-podcasts-en-catala-la-nit-mes-fosca.webp\" alt=\"La Nit M\u00e9s Fosca\" class=\"wp-image-88268\" srcset=\"https:\/\/www.ivoox.com\/blog\/wp-content\/uploads\/2025\/03\/els-millors-podcasts-en-catala-la-nit-mes-fosca.webp 400w, https:\/\/www.ivoox.com\/blog\/wp-content\/uploads\/2025\/03\/els-millors-podcasts-en-catala-la-nit-mes-fosca-300x300.webp 300w, https:\/\/www.ivoox.com\/blog\/wp-content\/uploads\/2025\/03\/els-millors-podcasts-en-catala-la-nit-mes-fosca-150x150.webp 150w\" sizes=\"auto, (max-width: 400px) 100vw, 400px\" \/><\/a><\/figure><\/div>\n\n\n\n<p>Produ\u00eft per R\u00e0dio Vilafant i Ona Digital, <em>La Nit M\u00e9s Fosca<\/em> \u00e9s el <a href=\"https:\/\/www.ivoox.com\/blog\/true-crime-los-mejores-podcasts-de-crimenes\/\">podcast de true crime<\/a> que dissecciona els casos m\u00e9s impactants de la cr\u00f2nica negra. Cada divendres, analitza en profunditat com van succeir, el seu impacte en la societat i les ombres que encara perduren. Un viatge inquietant pels casos m\u00e9s tenebrosos de la nostra hist\u00f2ria. T&#8217;hi sumes? \ud83d\udc40<br><strong><em><a href=\"https:\/\/www.ivoox.com\/podcast-nit-mes-fosca_sq_f1455079_1.html?utm_source=post_escucha&amp;utm_medium=web&amp;utm_content=podcast&amp;utm_campaign=blog&amp;utm_term=podcasts-en-catala\" target=\"_blank\" rel=\"noreferrer noopener\">Escolta La Nit M\u00e9s Fosca gratis a iVoox<\/a><\/em><\/strong><\/p>\n\n\n\n<h3 class=\"wp-block-heading\" id=\"l-arrabassada\"><span class=\"ez-toc-section\" id=\"LArrabassada\"><\/span><strong><a href=\"https:\/\/www.ivoox.com\/podcast-l-arrabassada_sq_f11795270_1.html?utm_source=post_h3&amp;utm_medium=web&amp;utm_content=podcast&amp;utm_campaign=blog&amp;utm_term=podcasts-en-catala\" target=\"_blank\" rel=\"noreferrer noopener\">L&#8217;Arrabassada<\/a><\/strong><span class=\"ez-toc-section-end\"><\/span><\/h3>\n\n\n\n<div class=\"wp-block-image\"><figure class=\"aligncenter size-full\"><a href=\"https:\/\/www.ivoox.com\/podcast-l-arrabassada_sq_f11795270_1.html?utm_source=post_img&amp;utm_medium=web&amp;utm_content=podcast&amp;utm_campaign=blog&amp;utm_term=podcasts-en-catala\" target=\"_blank\" rel=\"noopener\"><img loading=\"lazy\" decoding=\"async\" width=\"400\" height=\"400\" src=\"https:\/\/www.ivoox.com\/blog\/wp-content\/uploads\/2025\/03\/els-millors-podcasts-en-catala-larrabassada.webp\" alt=\"Els millors podcasts en catal\u00e0 - L'Arrabassada\" class=\"wp-image-88269\" srcset=\"https:\/\/www.ivoox.com\/blog\/wp-content\/uploads\/2025\/03\/els-millors-podcasts-en-catala-larrabassada.webp 400w, https:\/\/www.ivoox.com\/blog\/wp-content\/uploads\/2025\/03\/els-millors-podcasts-en-catala-larrabassada-300x300.webp 300w, https:\/\/www.ivoox.com\/blog\/wp-content\/uploads\/2025\/03\/els-millors-podcasts-en-catala-larrabassada-150x150.webp 150w\" sizes=\"auto, (max-width: 400px) 100vw, 400px\" \/><\/a><\/figure><\/div>\n\n\n\n<p>Vols saber qu\u00e8 passaria si els grans debats de l&#8217;actualitat es tractessin amb m\u00e9s velocitat i humor? A<em> L\u2019Arrabassada<\/em>, tres nois de Nou Barris recuperen l\u2019esperit rebel de la carretera per ajustar comptes a la seva manera. Aqui trobar\u00e0s debats sense filtres, humor punyent i alguna derrapada. Cada episodi envia un nou enemic a fer un tomb per aquest emblem\u00e0tic indret barcelon\u00ed. Tot en catal\u00e0 i, evidentment, passant-se de frenada.<br><strong><a href=\"https:\/\/www.ivoox.com\/podcast-l-arrabassada_sq_f11795270_1.html?utm_source=post_escucha&amp;utm_medium=web&amp;utm_content=podcast&amp;utm_campaign=blog&amp;utm_term=podcasts-en-catala\" target=\"_blank\" rel=\"noreferrer noopener\">Escolta L&#8217;Arrabassada gratis a iVoox<\/a><\/strong><\/p>\n\n\n\n<h3 class=\"wp-block-heading\" id=\"la-cullerada\"><span class=\"ez-toc-section\" id=\"La_cullerada\"><\/span><strong><a href=\"https:\/\/www.ivoox.com\/podcast-cullerada_sq_f11701076_1.html?utm_source=post_h3&amp;utm_medium=web&amp;utm_content=podcast&amp;utm_campaign=blog&amp;utm_term=podcasts-en-catala\" target=\"_blank\" rel=\"noreferrer noopener\">La cullerada<\/a><\/strong><span class=\"ez-toc-section-end\"><\/span><\/h3>\n\n\n\n<div class=\"wp-block-image\"><figure class=\"aligncenter size-full\"><a href=\"https:\/\/www.ivoox.com\/podcast-cullerada_sq_f11701076_1.html?utm_source=post_img&amp;utm_medium=web&amp;utm_content=podcast&amp;utm_campaign=blog&amp;utm_term=podcasts-en-catala\" target=\"_blank\" rel=\"noopener\"><img loading=\"lazy\" decoding=\"async\" width=\"400\" height=\"400\" src=\"https:\/\/www.ivoox.com\/blog\/wp-content\/uploads\/2026\/01\/els-millors-podcasts-en-catala-la-cullerada.webp\" alt=\"La cullerada\" class=\"wp-image-91474\" srcset=\"https:\/\/www.ivoox.com\/blog\/wp-content\/uploads\/2026\/01\/els-millors-podcasts-en-catala-la-cullerada.webp 400w, https:\/\/www.ivoox.com\/blog\/wp-content\/uploads\/2026\/01\/els-millors-podcasts-en-catala-la-cullerada-300x300.webp 300w, https:\/\/www.ivoox.com\/blog\/wp-content\/uploads\/2026\/01\/els-millors-podcasts-en-catala-la-cullerada-150x150.webp 150w\" sizes=\"auto, (max-width: 400px) 100vw, 400px\" \/><\/a><\/figure><\/div>\n\n\n\n<p>Presentat per Andrea Gumes i Andreu Juanola, <em>La cullerada<\/em> \u00e9s un <a href=\"https:\/\/www.ivoox.com\/blog\/los-mejores-podcasts-de-cocina-y-gastronomia\/\">podcast de cuina i gastronomia<\/a> de Time Out Barcelona on la taula i els fogons s\u00f3n els protagonistes. En cada episodi entrevisten persones conegudes que expliquen qu\u00e8 els apassiona (i qu\u00e8 odien) de la cuina, conversen amb xefs sobre els secrets dels seus restaurants i una jove sommelier t\u2019acosta els vins d\u2019una manera propera i divertida. Tot aix\u00f2 amb recomanacions perqu\u00e8 puguis descobrir els millors llocs per menjar i beure a Barcelona. T\u2019hi sumes? \ud83d\ude0b<br><strong><em><a href=\"https:\/\/www.ivoox.com\/podcast-cullerada_sq_f11701076_1.html?utm_source=post_escucha&amp;utm_medium=web&amp;utm_content=podcast&amp;utm_campaign=blog&amp;utm_term=podcasts-en-catala\" target=\"_blank\" rel=\"noreferrer noopener\">Escolta La cullerada gratis a iVoox<\/a><\/em><\/strong><\/p>\n\n\n\n<h3 class=\"wp-block-heading\" id=\"mapamundi\"><span class=\"ez-toc-section\" id=\"Mapamundi\"><\/span><strong><a href=\"https:\/\/www.ivoox.com\/podcast-mapamundi_sq_f1469522_1.html?utm_source=post_h3&amp;utm_medium=web&amp;utm_content=podcast&amp;utm_campaign=blog&amp;utm_term=podcasts-en-catala\" target=\"_blank\" rel=\"noreferrer noopener\">Mapamundi<\/a><\/strong><span class=\"ez-toc-section-end\"><\/span><\/h3>\n\n\n\n<div class=\"wp-block-image\"><figure class=\"aligncenter size-full\"><a href=\"https:\/\/www.ivoox.com\/podcast-mapamundi_sq_f1469522_1.html?utm_source=post_img&amp;utm_medium=web&amp;utm_content=podcast&amp;utm_campaign=blog&amp;utm_term=podcasts-en-catala\" target=\"_blank\" rel=\"noopener\"><img loading=\"lazy\" decoding=\"async\" width=\"400\" height=\"400\" src=\"https:\/\/www.ivoox.com\/blog\/wp-content\/uploads\/2025\/03\/els-millors-podcasts-en-catala-mapamundi.webp\" alt=\"Els millors podcasts en catal\u00e0 - Mapamundi\" class=\"wp-image-88270\" srcset=\"https:\/\/www.ivoox.com\/blog\/wp-content\/uploads\/2025\/03\/els-millors-podcasts-en-catala-mapamundi.webp 400w, https:\/\/www.ivoox.com\/blog\/wp-content\/uploads\/2025\/03\/els-millors-podcasts-en-catala-mapamundi-300x300.webp 300w, https:\/\/www.ivoox.com\/blog\/wp-content\/uploads\/2025\/03\/els-millors-podcasts-en-catala-mapamundi-150x150.webp 150w\" sizes=\"auto, (max-width: 400px) 100vw, 400px\" \/><\/a><\/figure><\/div>\n\n\n\n<p>Si vols entendre com es mou el m\u00f3n, no et pots perdre <em>Mapamundi<\/em>. Condu\u00eft pel Quim Olivares, aquest \u00e9s el <a href=\"https:\/\/www.ivoox.com\/blog\/podcasts-de-catalunya-radio\/\">podcast de Catalunya R\u00e0dio<\/a> sobre les hist\u00f2ries globals que donen forma al segle XXI. Descobreix les grans q\u00fcestions internacionals explicades d&#8217;una manera interessant i clara. Perqu\u00e8 entendre el m\u00f3n, tamb\u00e9 \u00e9s entendre com som \ud83c\udf0d<br><strong><em><a href=\"https:\/\/www.ivoox.com\/podcast-mapamundi_sq_f1469522_1.html?utm_source=post_escucha&amp;utm_medium=web&amp;utm_content=podcast&amp;utm_campaign=blog&amp;utm_term=podcasts-en-catala\" target=\"_blank\" rel=\"noreferrer noopener\">Escolta Mapamundi gratis a iVoox<\/a><\/em><\/strong><\/p>\n\n\n\n<h3 class=\"wp-block-heading\" id=\"a-les-portes-de-troia\"><span class=\"ez-toc-section\" id=\"A_les_portes_de_Troia\"><\/span><strong><a href=\"https:\/\/www.ivoox.com\/podcast-a-les-portes-troia_sq_f186177_1.html?utm_source=post_h3&amp;utm_medium=web&amp;utm_content=podcast&amp;utm_campaign=blog&amp;utm_term=podcasts-en-catala\" target=\"_blank\" rel=\"noreferrer noopener\">A les portes de Troia<\/a><\/strong><span class=\"ez-toc-section-end\"><\/span><\/h3>\n\n\n\n<div class=\"wp-block-image\"><figure class=\"aligncenter size-full\"><a href=\"https:\/\/www.ivoox.com\/podcast-a-les-portes-troia_sq_f186177_1.html?utm_source=post_img&amp;utm_medium=web&amp;utm_content=podcast&amp;utm_campaign=blog&amp;utm_term=podcasts-en-catala\" target=\"_blank\" rel=\"noopener\"><img loading=\"lazy\" decoding=\"async\" width=\"400\" height=\"400\" src=\"https:\/\/www.ivoox.com\/blog\/wp-content\/uploads\/2026\/01\/els-millors-podcasts-en-catala-a-les-portes-de-troia.webp\" alt=\"A les portes de Troia\" class=\"wp-image-91477\" srcset=\"https:\/\/www.ivoox.com\/blog\/wp-content\/uploads\/2026\/01\/els-millors-podcasts-en-catala-a-les-portes-de-troia.webp 400w, https:\/\/www.ivoox.com\/blog\/wp-content\/uploads\/2026\/01\/els-millors-podcasts-en-catala-a-les-portes-de-troia-300x300.webp 300w, https:\/\/www.ivoox.com\/blog\/wp-content\/uploads\/2026\/01\/els-millors-podcasts-en-catala-a-les-portes-de-troia-150x150.webp 150w\" sizes=\"auto, (max-width: 400px) 100vw, 400px\" \/><\/a><\/figure><\/div>\n\n\n\n<p>Condu\u00eft pel Sergio Rodr\u00edguez, l&#8217;Alberto Reche i l&#8217;Albert Abril, <em>A les portes de Troia<\/em> \u00e9s un podcast on la <a href=\"https:\/\/www.ivoox.com\/blog\/los-mejores-podcasts-de-historia\/\">hist\u00f2ria<\/a> es viu en primera persona. Amb aquest objectiu, s&#8217;endinsa en el passat per comprendre la nostra realitat actual. Perqu\u00e8 el que va passar fa temps continua ressonant en el nostre dia a dia. Descobreix els esdeveniments hist\u00f2rics com mai te&#8217;ls havien explicat i ent\u00e9n la seva influ\u00e8ncia en el present!<br><strong><em><a href=\"https:\/\/www.ivoox.com\/podcast-a-les-portes-troia_sq_f186177_1.html?utm_source=post_escucha&amp;utm_medium=web&amp;utm_content=podcast&amp;utm_campaign=blog&amp;utm_term=podcasts-en-catala\" target=\"_blank\" rel=\"noreferrer noopener\">Escolta A les portes de Troia gratis a iVoox<\/a><\/em><\/strong><\/p>\n\n\n\n<h3 class=\"wp-block-heading\" id=\"la-renaixenca\"><span class=\"ez-toc-section\" id=\"La_Renaixenca\"><\/span><strong><a href=\"https:\/\/www.ivoox.com\/podcast-renaixenca_sq_f12755208_1.html?utm_source=post_h3&amp;utm_medium=web&amp;utm_content=podcast&amp;utm_campaign=blog&amp;utm_term=podcasts-en-catala\" target=\"_blank\" rel=\"noreferrer noopener\">La Renaixen\u00e7a<\/a><\/strong><span class=\"ez-toc-section-end\"><\/span><\/h3>\n\n\n\n<div class=\"wp-block-image\"><figure class=\"aligncenter size-full\"><a href=\"https:\/\/www.ivoox.com\/podcast-renaixenca_sq_f12755208_1.html?utm_source=post_img&amp;utm_medium=web&amp;utm_content=podcast&amp;utm_campaign=blog&amp;utm_term=podcasts-en-catala\" target=\"_blank\" rel=\"noopener\"><img loading=\"lazy\" decoding=\"async\" width=\"400\" height=\"400\" src=\"https:\/\/www.ivoox.com\/blog\/wp-content\/uploads\/2026\/01\/els-millors-podcasts-en-catala-la-renaixenca.webp\" alt=\"Els millors podcasts en catal\u00e0 - La Renaixen\u00e7a\" class=\"wp-image-91494\" srcset=\"https:\/\/www.ivoox.com\/blog\/wp-content\/uploads\/2026\/01\/els-millors-podcasts-en-catala-la-renaixenca.webp 400w, https:\/\/www.ivoox.com\/blog\/wp-content\/uploads\/2026\/01\/els-millors-podcasts-en-catala-la-renaixenca-300x300.webp 300w, https:\/\/www.ivoox.com\/blog\/wp-content\/uploads\/2026\/01\/els-millors-podcasts-en-catala-la-renaixenca-150x150.webp 150w\" sizes=\"auto, (max-width: 400px) 100vw, 400px\" \/><\/a><\/figure><\/div>\n\n\n\n<p>A <em>La Renaixen\u00e7a<\/em>, en Peyu crea un espai on la divulgaci\u00f3 i l\u2019entreteniment van de la m\u00e0, amb molt d\u2019humor i zero complexos. Cada episodi gira al voltant d\u2019un objecte quotidi\u00e0 que obre la porta a mon\u00f2legs, entrevistes, seccions i c\u00e0psules de ficci\u00f3. Amb una mirada ir\u00f2nica i un estil molt propi, el podcast ofereix reflexions sobre la llengua, el patrimoni i la creativitat del pa\u00eds. T\u2019hi animes?<br><strong><em><a href=\"https:\/\/www.ivoox.com\/podcast-renaixenca_sq_f12755208_1.html?utm_source=post_escucha&amp;utm_medium=web&amp;utm_content=podcast&amp;utm_campaign=blog&amp;utm_term=podcasts-en-catala\" target=\"_blank\" rel=\"noreferrer noopener\">Escolta La Renaixen\u00e7a gratis a iVoox<\/a><\/em><\/strong><\/p>\n\n\n\n<h2 class=\"wp-block-heading\" id=\"preguntes-frequents\"><span class=\"ez-toc-section\" id=\"Preguntes_frequents\"><\/span>Preguntes freq\u00fcents<span class=\"ez-toc-section-end\"><\/span><\/h2>\n\n\n\n<div class=\"schema-faq wp-block-yoast-faq-block\"><div class=\"schema-faq-section\" id=\"faq-question-1651585428061\"><strong class=\"schema-faq-question\"><strong>On puc escoltar podcasts en catal\u00e0?<\/strong><\/strong> <p class=\"schema-faq-answer\">Podr\u00e0s escoltar els millors podcasts en catal\u00e0 gratis des de <a href=\"https:\/\/www.ivoox.com\/_ik_descarga-app_1.html?utm_source=post_btn_descargarapp&amp;utm_medium=web&amp;utm_content=descargar_app&amp;utm_campaign=blog&amp;utm_term=podcasts-en-catala\" target=\"_blank\" rel=\"noreferrer noopener\">l&#8217;app d&#8217;iVoox<\/a>, aix\u00ed com tamb\u00e9 des de la seva <a href=\"https:\/\/www.ivoox.com\/podcasts?utm_source=post&amp;utm_medium=web&amp;utm_content=web&amp;utm_campaign=blog&amp;utm_term=podcasts-en-catala\" target=\"_blank\" rel=\"noreferrer noopener\">web<\/a>.<br\/><br\/>Et quedes amb ganes de m\u00e9s? No et perdis aquesta selecci\u00f3 amb <a href=\"https:\/\/www.ivoox.com\/landing\/podcasts-de-humor-en-catalan-467?utm_source=post&amp;utm_medium=web&amp;utm_content=landing&amp;utm_campaign=blog&amp;utm_term=podcasts-en-catala\" target=\"_blank\" rel=\"noreferrer noopener\">els millors podcasts d&#8217;humor en catal\u00e0<\/a>!<\/p> <\/div> <div class=\"schema-faq-section\" id=\"faq-question-1651585522385\"><strong class=\"schema-faq-question\">Quins s\u00f3n els millors podcasts en catal\u00e0?<\/strong> <p class=\"schema-faq-answer\">&#8211; <a href=\"https:\/\/www.ivoox.com\/podcast-crims_sq_f1611867_1.html?utm_source=post&amp;utm_medium=web&amp;utm_content=podcast&amp;utm_campaign=blog&amp;utm_term=podcasts-en-catala\" target=\"_blank\" rel=\"noreferrer noopener\">Crims<\/a><br\/>&#8211; <a href=\"https:\/\/www.ivoox.com\/podcast-bunquer_sq_f11031220_1.html?utm_source=post&amp;utm_medium=web&amp;utm_content=podcast&amp;utm_campaign=blog&amp;utm_term=podcasts-en-catala\" target=\"_blank\" rel=\"noreferrer noopener\">El b\u00fanquer<\/a><br\/>&#8211; <a href=\"https:\/\/www.ivoox.com\/podcast-competencia-programa-sencer_sq_f146988_1.html?utm_source=post&amp;utm_medium=web&amp;utm_content=podcast&amp;utm_campaign=blog&amp;utm_term=podcasts-en-catala\" target=\"_blank\" rel=\"noreferrer noopener\">La compet\u00e8ncia<\/a><br\/>&#8211; <a href=\"https:\/\/www.ivoox.com\/podcast-sotana_sq_f1652706_1.html?utm_source=post&amp;utm_medium=web&amp;utm_content=podcast&amp;utm_campaign=blog&amp;utm_term=podcasts-en-catala\" target=\"_blank\" rel=\"noreferrer noopener\">La Sotana<\/a><br\/>&#8211; <a href=\"https:\/\/www.ivoox.com\/podcast-que-no-surti-d-aqui_sq_f12258380_1.html?utm_source=post&amp;utm_medium=web&amp;utm_content=podcast&amp;utm_campaign=blog&amp;utm_term=podcasts-en-catala\" target=\"_blank\" rel=\"noreferrer noopener\">Que no surti d&#8217;aqu\u00ed<\/a><br\/>&#8211; <a href=\"https:\/\/www.ivoox.com\/podcast-podcast-font-misteris_sq_f1142535_1.html?utm_source=post&amp;utm_medium=web&amp;utm_content=podcast&amp;utm_campaign=blog&amp;utm_term=podcasts-en-catala\" target=\"_blank\" rel=\"noreferrer noopener\">Font de Misteris<\/a><br\/>&#8211; <a href=\"https:\/\/www.ivoox.com\/podcast-en-guardia_sq_f1589_1.html?utm_source=post&amp;utm_medium=web&amp;utm_content=podcast&amp;utm_campaign=blog&amp;utm_term=podcasts-en-catala\" target=\"_blank\" rel=\"noreferrer noopener\">En gu\u00e0rdia!<\/a><br\/>&#8211; <a href=\"https:\/\/www.ivoox.com\/podcast-gent-merda_sq_f1808409_1.html?utm_source=post&amp;utm_medium=web&amp;utm_content=podcast&amp;utm_campaign=blog&amp;utm_term=podcasts-en-catala\" target=\"_blank\" rel=\"noreferrer noopener\">Gent de Merda<\/a><br\/>&#8211; <a href=\"https:\/\/www.ivoox.com\/podcast-tu-diras_sq_f145318_1.html?utm_source=post&amp;utm_medium=web&amp;utm_content=podcast&amp;utm_campaign=blog&amp;utm_term=podcasts-en-catala\" target=\"_blank\" rel=\"noreferrer noopener\">Tu Dir\u00e0s<\/a><br\/>&#8211; <a href=\"https:\/\/www.ivoox.com\/podcast-podcast-mon-a-rac1_sq_f165309_1.html?utm_source=post&amp;utm_medium=web&amp;utm_content=podcast&amp;utm_campaign=blog&amp;utm_term=podcasts-en-catala\" target=\"_blank\" rel=\"noreferrer noopener\">El m\u00f3n a RAC1<\/a><br\/>&#8211; <a href=\"https:\/\/www.ivoox.com\/podcast-nit-mes-fosca_sq_f1455079_1.html?utm_source=post&amp;utm_medium=web&amp;utm_content=podcast&amp;utm_campaign=blog&amp;utm_term=podcasts-en-catala\" target=\"_blank\" rel=\"noreferrer noopener\">La Nit M\u00e9s Fosca<\/a><br\/>&#8211; <a href=\"https:\/\/www.ivoox.com\/podcast-l-arrabassada_sq_f11795270_1.html?utm_source=post&amp;utm_medium=web&amp;utm_content=podcast&amp;utm_campaign=blog&amp;utm_term=podcasts-en-catala\" target=\"_blank\" rel=\"noreferrer noopener\">L&#8217;Arrabassada<\/a><br\/>&#8211; <a href=\"https:\/\/www.ivoox.com\/podcast-cullerada_sq_f11701076_1.html?utm_source=post&amp;utm_medium=web&amp;utm_content=podcast&amp;utm_campaign=blog&amp;utm_term=podcasts-en-catala\" target=\"_blank\" rel=\"noreferrer noopener\">La cullerada<\/a><br\/>&#8211; <a href=\"https:\/\/www.ivoox.com\/podcast-mapamundi_sq_f1469522_1.html?utm_source=post&amp;utm_medium=web&amp;utm_content=podcast&amp;utm_campaign=blog&amp;utm_term=podcasts-en-catala\" target=\"_blank\" rel=\"noreferrer noopener\">Mapamundi<\/a><br\/>&#8211; <a href=\"https:\/\/www.ivoox.com\/podcast-a-les-portes-troia_sq_f186177_1.html?utm_source=post&amp;utm_medium=web&amp;utm_content=podcast&amp;utm_campaign=blog&amp;utm_term=podcasts-en-catala\" target=\"_blank\" rel=\"noreferrer noopener\">A les portes de Troia<\/a><br\/>&#8211; <a href=\"https:\/\/www.ivoox.com\/podcast-renaixenca_sq_f12755208_1.html?utm_source=post&amp;utm_medium=web&amp;utm_content=podcast&amp;utm_campaign=blog&amp;utm_term=podcasts-en-catala\" target=\"_blank\" rel=\"noreferrer noopener\">La Renaixen\u00e7a<\/a><\/p> <\/div> <\/div>\n\n\n\n<p><\/p>\n<\/div><div class=\"ivoox-post-banners\">\n<div class=\"banner-card\">\n\t<img src=\"https:\/\/www.ivoox.com\/blog\/wp-content\/themes\/ivoox-theme\/assets\/images\/banner-ivoox-app-r25.jpg\" alt=\"Descarga la app\" width=\"325\" height=\"260\" class=\"banner-image\">\n\t<div class=\"banner-content\">\n\t\t<h3>\n\t\t\tDescarga gratis la <span>app de iVoox<\/span>\n\t\t<\/h3>\n\t\t<p>\n\t\t\tEscucha cuando y donde quieras tus podcasts, radios y audiolibros favoritos.\n\t\t<\/p>\n\t\t<a href=\"https:\/\/www.ivoox.com\/_ik_descarga-app_1.html?utm_source%3Dbanner%26utm_medium%3Dweb%26utm_content%3Ddescargar_app%26utm_campaign%3Dblog\" target=\"blank\" class=\"btn\">Descargar gratis<\/a>\t<\/div>\n<\/div>\n<\/div><\/div>","protected":false},"excerpt":{"rendered":"<p>Crims, humor, misteri, actualitat, esports&#8230; Descobreix els podcasts m\u00e9s escoltats en llengua catalana!<\/p>\n","protected":false},"author":21,"featured_media":91478,"comment_status":"open","ping_status":"closed","sticky":false,"template":"","format":"standard","meta":{"footnotes":""},"categories":[3,6],"tags":[],"class_list":["post-85976","post","type-post","status-publish","format-standard","has-post-thumbnail","hentry","category-los-mejores-podcasts","category-tendencias","entry"],"yoast_head":"<!-- This site is optimized with the Yoast SEO plugin v26.8 - https:\/\/yoast.com\/product\/yoast-seo-wordpress\/ -->\n<title>Els millors podcasts en catal\u00e0 (2026) - iVoox Blog<\/title>\n<meta name=\"description\" content=\"Descobreix els millors podcasts en catal\u00e0: crims, humor, misteri, actualitat, esports... Escolta&#039;ls gratis a iVoox!\" \/>\n<meta name=\"robots\" content=\"index, follow, max-snippet:-1, max-image-preview:large, max-video-preview:-1\" \/>\n<link rel=\"canonical\" href=\"https:\/\/www.ivoox.com\/blog\/podcasts-en-catala\/\" \/>\n<meta property=\"og:locale\" content=\"es_ES\" \/>\n<meta property=\"og:type\" content=\"article\" \/>\n<meta property=\"og:title\" content=\"Els millors podcasts en catal\u00e0 (2026) - iVoox Blog\" \/>\n<meta property=\"og:description\" content=\"Descobreix els millors podcasts en catal\u00e0: crims, humor, misteri, actualitat, esports... Escolta&#039;ls gratis a iVoox!\" \/>\n<meta property=\"og:url\" content=\"https:\/\/www.ivoox.com\/blog\/podcasts-en-catala\/\" \/>\n<meta property=\"og:site_name\" content=\"iVoox Blog\" \/>\n<meta property=\"article:published_time\" content=\"2026-01-12T08:30:00+00:00\" \/>\n<meta property=\"article:modified_time\" content=\"2026-01-13T07:38:02+00:00\" \/>\n<meta property=\"og:image\" content=\"https:\/\/www.ivoox.com\/blog\/wp-content\/uploads\/2025\/03\/podcasts-en-catala-1.webp\" \/>\n\t<meta property=\"og:image:width\" content=\"1200\" \/>\n\t<meta property=\"og:image:height\" content=\"675\" \/>\n\t<meta property=\"og:image:type\" content=\"image\/webp\" \/>\n<meta name=\"author\" content=\"Carlota Carre\u00f1o\" \/>\n<meta name=\"twitter:card\" content=\"summary_large_image\" \/>\n<meta name=\"twitter:label1\" content=\"Escrito por\" \/>\n\t<meta name=\"twitter:data1\" content=\"Carlota Carre\u00f1o\" \/>\n\t<meta name=\"twitter:label2\" content=\"Tiempo de lectura\" \/>\n\t<meta name=\"twitter:data2\" content=\"10 minutos\" \/>\n<!-- \/ Yoast SEO plugin. -->","yoast_head_json":{"title":"Els millors podcasts en catal\u00e0 (2026) - iVoox Blog","description":"Descobreix els millors podcasts en catal\u00e0: crims, humor, misteri, actualitat, esports... Escolta'ls gratis a iVoox!","robots":{"index":"index","follow":"follow","max-snippet":"max-snippet:-1","max-image-preview":"max-image-preview:large","max-video-preview":"max-video-preview:-1"},"canonical":"https:\/\/www.ivoox.com\/blog\/podcasts-en-catala\/","og_locale":"es_ES","og_type":"article","og_title":"Els millors podcasts en catal\u00e0 (2026) - iVoox Blog","og_description":"Descobreix els millors podcasts en catal\u00e0: crims, humor, misteri, actualitat, esports... Escolta'ls gratis a iVoox!","og_url":"https:\/\/www.ivoox.com\/blog\/podcasts-en-catala\/","og_site_name":"iVoox Blog","article_published_time":"2026-01-12T08:30:00+00:00","article_modified_time":"2026-01-13T07:38:02+00:00","og_image":[{"width":1200,"height":675,"url":"https:\/\/www.ivoox.com\/blog\/wp-content\/uploads\/2025\/03\/podcasts-en-catala-1.webp","type":"image\/webp"}],"author":"Carlota Carre\u00f1o","twitter_card":"summary_large_image","twitter_misc":{"Escrito por":"Carlota Carre\u00f1o","Tiempo de lectura":"10 minutos"},"schema":{"@context":"https:\/\/schema.org","@graph":[{"@type":"NewsArticle","@id":"https:\/\/www.ivoox.com\/blog\/podcasts-en-catala\/#article","isPartOf":{"@id":"https:\/\/www.ivoox.com\/blog\/podcasts-en-catala\/"},"author":{"name":"Carlota Carre\u00f1o","@id":"https:\/\/www.ivoox.com\/blog\/#\/schema\/person\/151b82a5e305da6cea5eea1bbab53d93"},"headline":"Els millors podcasts en catal\u00e0 ({year})","datePublished":"2026-01-12T08:30:00+00:00","dateModified":"2026-01-13T07:38:02+00:00","mainEntityOfPage":{"@id":"https:\/\/www.ivoox.com\/blog\/podcasts-en-catala\/"},"wordCount":1462,"commentCount":0,"publisher":{"@id":"https:\/\/www.ivoox.com\/blog\/#organization"},"image":{"@id":"https:\/\/www.ivoox.com\/blog\/podcasts-en-catala\/#primaryimage"},"thumbnailUrl":"https:\/\/www.ivoox.com\/blog\/wp-content\/uploads\/2025\/03\/podcasts-en-catala-1.webp","articleSection":["Los mejores podcasts","Tendencias"],"inLanguage":"es","potentialAction":[{"@type":"CommentAction","name":"Comment","target":["https:\/\/www.ivoox.com\/blog\/podcasts-en-catala\/#respond"]}]},{"@type":["WebPage","ItemPage","FAQPage"],"@id":"https:\/\/www.ivoox.com\/blog\/podcasts-en-catala\/","url":"https:\/\/www.ivoox.com\/blog\/podcasts-en-catala\/","name":"Els millors podcasts en catal\u00e0 ({year}) - iVoox Blog","isPartOf":{"@id":"https:\/\/www.ivoox.com\/blog\/#website"},"primaryImageOfPage":{"@id":"https:\/\/www.ivoox.com\/blog\/podcasts-en-catala\/#primaryimage"},"image":{"@id":"https:\/\/www.ivoox.com\/blog\/podcasts-en-catala\/#primaryimage"},"thumbnailUrl":"https:\/\/www.ivoox.com\/blog\/wp-content\/uploads\/2025\/03\/podcasts-en-catala-1.webp","datePublished":"2026-01-12T08:30:00+00:00","dateModified":"2026-01-13T07:38:02+00:00","description":"Descobreix els millors podcasts en catal\u00e0: crims, humor, misteri, actualitat, esports... Escolta'ls gratis a iVoox!","breadcrumb":{"@id":"https:\/\/www.ivoox.com\/blog\/podcasts-en-catala\/#breadcrumb"},"mainEntity":[{"@id":"https:\/\/www.ivoox.com\/blog\/podcasts-en-catala\/#faq-question-1651585428061"},{"@id":"https:\/\/www.ivoox.com\/blog\/podcasts-en-catala\/#faq-question-1651585522385"}],"inLanguage":"es","potentialAction":[{"@type":"ReadAction","target":["https:\/\/www.ivoox.com\/blog\/podcasts-en-catala\/"]}]},{"@type":"ImageObject","inLanguage":"es","@id":"https:\/\/www.ivoox.com\/blog\/podcasts-en-catala\/#primaryimage","url":"https:\/\/www.ivoox.com\/blog\/wp-content\/uploads\/2025\/03\/podcasts-en-catala-1.webp","contentUrl":"https:\/\/www.ivoox.com\/blog\/wp-content\/uploads\/2025\/03\/podcasts-en-catala-1.webp","width":1200,"height":675,"caption":"Els millors podcasts en catal\u00e0"},{"@type":"BreadcrumbList","@id":"https:\/\/www.ivoox.com\/blog\/podcasts-en-catala\/#breadcrumb","itemListElement":[{"@type":"ListItem","position":1,"name":"Home","item":"https:\/\/www.ivoox.com\/blog\/"},{"@type":"ListItem","position":2,"name":"Els millors podcasts en catal\u00e0 ({year})"}]},{"@type":"WebSite","@id":"https:\/\/www.ivoox.com\/blog\/#website","url":"https:\/\/www.ivoox.com\/blog\/","name":"iVoox Blog","description":"\u00daltimas noticias de iVoox","publisher":{"@id":"https:\/\/www.ivoox.com\/blog\/#organization"},"potentialAction":[{"@type":"SearchAction","target":{"@type":"EntryPoint","urlTemplate":"https:\/\/www.ivoox.com\/blog\/?s={search_term_string}"},"query-input":{"@type":"PropertyValueSpecification","valueRequired":true,"valueName":"search_term_string"}}],"inLanguage":"es"},{"@type":"Organization","@id":"https:\/\/www.ivoox.com\/blog\/#organization","name":"iVoox Blog","url":"https:\/\/www.ivoox.com\/blog\/","logo":{"@type":"ImageObject","inLanguage":"es","@id":"https:\/\/www.ivoox.com\/blog\/#\/schema\/logo\/image\/","url":"https:\/\/www.ivoox.com\/blog\/wp-content\/uploads\/2022\/02\/1x1.png","contentUrl":"https:\/\/www.ivoox.com\/blog\/wp-content\/uploads\/2022\/02\/1x1.png","width":1,"height":1,"caption":"iVoox Blog"},"image":{"@id":"https:\/\/www.ivoox.com\/blog\/#\/schema\/logo\/image\/"}},{"@type":"Person","@id":"https:\/\/www.ivoox.com\/blog\/#\/schema\/person\/151b82a5e305da6cea5eea1bbab53d93","name":"Carlota Carre\u00f1o","image":{"@type":"ImageObject","inLanguage":"es","@id":"https:\/\/www.ivoox.com\/blog\/#\/schema\/person\/image\/","url":"https:\/\/secure.gravatar.com\/avatar\/98b422e3eb8896223b9c5ffae25b93408fa3dc4910410ac74115353026b9a7f4?s=96&d=mm&r=g","contentUrl":"https:\/\/secure.gravatar.com\/avatar\/98b422e3eb8896223b9c5ffae25b93408fa3dc4910410ac74115353026b9a7f4?s=96&d=mm&r=g","caption":"Carlota Carre\u00f1o"},"description":"Ayudando en el equipo de Marketing y Contenidos de iVoox.","url":"https:\/\/www.ivoox.com\/blog\/author\/carlota-carreno\/"},{"@type":"Question","@id":"https:\/\/www.ivoox.com\/blog\/podcasts-en-catala\/#faq-question-1651585428061","position":1,"url":"https:\/\/www.ivoox.com\/blog\/podcasts-en-catala\/#faq-question-1651585428061","name":"On puc escoltar podcasts en catal\u00e0?","answerCount":1,"acceptedAnswer":{"@type":"Answer","text":"Podr\u00e0s escoltar els millors podcasts en catal\u00e0 gratis des de <a href=\"https:\/\/www.ivoox.com\/_ik_descarga-app_1.html?utm_source=post_btn_descargarapp&amp;utm_medium=web&amp;utm_content=descargar_app&amp;utm_campaign=blog&amp;utm_term=podcasts-en-catala\" target=\"_blank\" rel=\"noreferrer noopener\">l'app d'iVoox<\/a>, aix\u00ed com tamb\u00e9 des de la seva <a href=\"https:\/\/www.ivoox.com\/podcasts?utm_source=post&amp;utm_medium=web&amp;utm_content=web&amp;utm_campaign=blog&amp;utm_term=podcasts-en-catala\" target=\"_blank\" rel=\"noreferrer noopener\">web<\/a>.<br\/><br\/>Et quedes amb ganes de m\u00e9s? No et perdis aquesta selecci\u00f3 amb <a href=\"https:\/\/www.ivoox.com\/landing\/podcasts-de-humor-en-catalan-467?utm_source=post&amp;utm_medium=web&amp;utm_content=landing&amp;utm_campaign=blog&amp;utm_term=podcasts-en-catala\" target=\"_blank\" rel=\"noreferrer noopener\">els millors podcasts d'humor en catal\u00e0<\/a>!","inLanguage":"es"},"inLanguage":"es"},{"@type":"Question","@id":"https:\/\/www.ivoox.com\/blog\/podcasts-en-catala\/#faq-question-1651585522385","position":2,"url":"https:\/\/www.ivoox.com\/blog\/podcasts-en-catala\/#faq-question-1651585522385","name":"Quins s\u00f3n els millors podcasts en catal\u00e0?","answerCount":1,"acceptedAnswer":{"@type":"Answer","text":"- <a href=\"https:\/\/www.ivoox.com\/podcast-crims_sq_f1611867_1.html?utm_source=post&amp;utm_medium=web&amp;utm_content=podcast&amp;utm_campaign=blog&amp;utm_term=podcasts-en-catala\" target=\"_blank\" rel=\"noreferrer noopener\">Crims<\/a><br\/>- <a href=\"https:\/\/www.ivoox.com\/podcast-bunquer_sq_f11031220_1.html?utm_source=post&amp;utm_medium=web&amp;utm_content=podcast&amp;utm_campaign=blog&amp;utm_term=podcasts-en-catala\" target=\"_blank\" rel=\"noreferrer noopener\">El b\u00fanquer<\/a><br\/>- <a href=\"https:\/\/www.ivoox.com\/podcast-competencia-programa-sencer_sq_f146988_1.html?utm_source=post&amp;utm_medium=web&amp;utm_content=podcast&amp;utm_campaign=blog&amp;utm_term=podcasts-en-catala\" target=\"_blank\" rel=\"noreferrer noopener\">La compet\u00e8ncia<\/a><br\/>- <a href=\"https:\/\/www.ivoox.com\/podcast-sotana_sq_f1652706_1.html?utm_source=post&amp;utm_medium=web&amp;utm_content=podcast&amp;utm_campaign=blog&amp;utm_term=podcasts-en-catala\" target=\"_blank\" rel=\"noreferrer noopener\">La Sotana<\/a><br\/>- <a href=\"https:\/\/www.ivoox.com\/podcast-que-no-surti-d-aqui_sq_f12258380_1.html?utm_source=post&amp;utm_medium=web&amp;utm_content=podcast&amp;utm_campaign=blog&amp;utm_term=podcasts-en-catala\" target=\"_blank\" rel=\"noreferrer noopener\">Que no surti d'aqu\u00ed<\/a><br\/>- <a href=\"https:\/\/www.ivoox.com\/podcast-podcast-font-misteris_sq_f1142535_1.html?utm_source=post&amp;utm_medium=web&amp;utm_content=podcast&amp;utm_campaign=blog&amp;utm_term=podcasts-en-catala\" target=\"_blank\" rel=\"noreferrer noopener\">Font de Misteris<\/a><br\/>- <a href=\"https:\/\/www.ivoox.com\/podcast-en-guardia_sq_f1589_1.html?utm_source=post&amp;utm_medium=web&amp;utm_content=podcast&amp;utm_campaign=blog&amp;utm_term=podcasts-en-catala\" target=\"_blank\" rel=\"noreferrer noopener\">En gu\u00e0rdia!<\/a><br\/>- <a href=\"https:\/\/www.ivoox.com\/podcast-gent-merda_sq_f1808409_1.html?utm_source=post&amp;utm_medium=web&amp;utm_content=podcast&amp;utm_campaign=blog&amp;utm_term=podcasts-en-catala\" target=\"_blank\" rel=\"noreferrer noopener\">Gent de Merda<\/a><br\/>- <a href=\"https:\/\/www.ivoox.com\/podcast-tu-diras_sq_f145318_1.html?utm_source=post&amp;utm_medium=web&amp;utm_content=podcast&amp;utm_campaign=blog&amp;utm_term=podcasts-en-catala\" target=\"_blank\" rel=\"noreferrer noopener\">Tu Dir\u00e0s<\/a><br\/>- <a href=\"https:\/\/www.ivoox.com\/podcast-podcast-mon-a-rac1_sq_f165309_1.html?utm_source=post&amp;utm_medium=web&amp;utm_content=podcast&amp;utm_campaign=blog&amp;utm_term=podcasts-en-catala\" target=\"_blank\" rel=\"noreferrer noopener\">El m\u00f3n a RAC1<\/a><br\/>- <a href=\"https:\/\/www.ivoox.com\/podcast-nit-mes-fosca_sq_f1455079_1.html?utm_source=post&amp;utm_medium=web&amp;utm_content=podcast&amp;utm_campaign=blog&amp;utm_term=podcasts-en-catala\" target=\"_blank\" rel=\"noreferrer noopener\">La Nit M\u00e9s Fosca<\/a><br\/>- <a href=\"https:\/\/www.ivoox.com\/podcast-l-arrabassada_sq_f11795270_1.html?utm_source=post&amp;utm_medium=web&amp;utm_content=podcast&amp;utm_campaign=blog&amp;utm_term=podcasts-en-catala\" target=\"_blank\" rel=\"noreferrer noopener\">L'Arrabassada<\/a><br\/>- <a href=\"https:\/\/www.ivoox.com\/podcast-cullerada_sq_f11701076_1.html?utm_source=post&amp;utm_medium=web&amp;utm_content=podcast&amp;utm_campaign=blog&amp;utm_term=podcasts-en-catala\" target=\"_blank\" rel=\"noreferrer noopener\">La cullerada<\/a><br\/>- <a href=\"https:\/\/www.ivoox.com\/podcast-mapamundi_sq_f1469522_1.html?utm_source=post&amp;utm_medium=web&amp;utm_content=podcast&amp;utm_campaign=blog&amp;utm_term=podcasts-en-catala\" target=\"_blank\" rel=\"noreferrer noopener\">Mapamundi<\/a><br\/>- <a href=\"https:\/\/www.ivoox.com\/podcast-a-les-portes-troia_sq_f186177_1.html?utm_source=post&amp;utm_medium=web&amp;utm_content=podcast&amp;utm_campaign=blog&amp;utm_term=podcasts-en-catala\" target=\"_blank\" rel=\"noreferrer noopener\">A les portes de Troia<\/a><br\/>- <a href=\"https:\/\/www.ivoox.com\/podcast-renaixenca_sq_f12755208_1.html?utm_source=post&amp;utm_medium=web&amp;utm_content=podcast&amp;utm_campaign=blog&amp;utm_term=podcasts-en-catala\" target=\"_blank\" rel=\"noreferrer noopener\">La Renaixen\u00e7a<\/a>","inLanguage":"es"},"inLanguage":"es"}]}},"_links":{"self":[{"href":"https:\/\/www.ivoox.com\/blog\/wp-json\/wp\/v2\/posts\/85976","targetHints":{"allow":["GET"]}}],"collection":[{"href":"https:\/\/www.ivoox.com\/blog\/wp-json\/wp\/v2\/posts"}],"about":[{"href":"https:\/\/www.ivoox.com\/blog\/wp-json\/wp\/v2\/types\/post"}],"author":[{"embeddable":true,"href":"https:\/\/www.ivoox.com\/blog\/wp-json\/wp\/v2\/users\/21"}],"replies":[{"embeddable":true,"href":"https:\/\/www.ivoox.com\/blog\/wp-json\/wp\/v2\/comments?post=85976"}],"version-history":[{"count":87,"href":"https:\/\/www.ivoox.com\/blog\/wp-json\/wp\/v2\/posts\/85976\/revisions"}],"predecessor-version":[{"id":91495,"href":"https:\/\/www.ivoox.com\/blog\/wp-json\/wp\/v2\/posts\/85976\/revisions\/91495"}],"wp:featuredmedia":[{"embeddable":true,"href":"https:\/\/www.ivoox.com\/blog\/wp-json\/wp\/v2\/media\/91478"}],"wp:attachment":[{"href":"https:\/\/www.ivoox.com\/blog\/wp-json\/wp\/v2\/media?parent=85976"}],"wp:term":[{"taxonomy":"category","embeddable":true,"href":"https:\/\/www.ivoox.com\/blog\/wp-json\/wp\/v2\/categories?post=85976"},{"taxonomy":"post_tag","embeddable":true,"href":"https:\/\/www.ivoox.com\/blog\/wp-json\/wp\/v2\/tags?post=85976"}],"curies":[{"name":"wp","href":"https:\/\/api.w.org\/{rel}","templated":true}]}}