{"id":87431,"date":"2024-12-11T10:53:00","date_gmt":"2024-12-11T09:53:00","guid":{"rendered":"https:\/\/www.ivoox.com\/blog\/?p=87431"},"modified":"2024-12-11T10:53:00","modified_gmt":"2024-12-11T09:53:00","slug":"flandes-y-amberes-aniversario-de-james-ensor","status":"publish","type":"post","link":"https:\/\/www.ivoox.com\/blog\/flandes-y-amberes-aniversario-de-james-ensor\/","title":{"rendered":"Flandes y Amberes: Aniversario de James Ensor"},"content":{"rendered":"<div class=\"ivoox-post-content\"><div class=\"ivoox-post-index\" id=\"table-content\"><div id=\"ez-toc-container\" class=\"ez-toc-v2_0_80 counter-hierarchy ez-toc-counter ez-toc-grey ez-toc-container-direction\">\n<div class=\"ez-toc-title-container\"><p class=\"ez-toc-title\" style=\"cursor:inherit\">Tabla de contenidos<\/p>\n<\/div><nav><ul class='ez-toc-list ez-toc-list-level-1 ' ><li class='ez-toc-page-1 ez-toc-heading-level-2'><a class=\"ez-toc-link ez-toc-heading-1\" href=\"https:\/\/www.ivoox.com\/blog\/flandes-y-amberes-aniversario-de-james-ensor\/#Flandes_El_nacimiento_de_una_region_artistica\" >Flandes: El nacimiento de una regi\u00f3n art\u00edstica<\/a><\/li><li class='ez-toc-page-1 ez-toc-heading-level-2'><a class=\"ez-toc-link ez-toc-heading-2\" href=\"https:\/\/www.ivoox.com\/blog\/flandes-y-amberes-aniversario-de-james-ensor\/#La_evolucion_del_arte_borgonon_en_el_Renacimiento\" >La evoluci\u00f3n del arte borgo\u00f1\u00f3n en el Renacimiento<\/a><\/li><li class='ez-toc-page-1 ez-toc-heading-level-2'><a class=\"ez-toc-link ez-toc-heading-3\" href=\"https:\/\/www.ivoox.com\/blog\/flandes-y-amberes-aniversario-de-james-ensor\/#Amberes_El_apogeo_posterior_al_Renacimiento_borgonon\" >Amberes: El apogeo posterior al Renacimiento borgo\u00f1\u00f3n<\/a><\/li><li class='ez-toc-page-1 ez-toc-heading-level-2'><a class=\"ez-toc-link ez-toc-heading-4\" href=\"https:\/\/www.ivoox.com\/blog\/flandes-y-amberes-aniversario-de-james-ensor\/#El_legado_del_arte_borgonon\" >El legado del arte borgo\u00f1\u00f3n<\/a><\/li><\/ul><\/nav><\/div>\n<\/div><div class=\"ivoox-post-body\">\n\t\t\n\t\t\t<figure class=\"post-thumbnail\">\n\t\t\t\t<a class=\"post-thumbnail-inner alignwide\" href=\"https:\/\/www.ivoox.com\/blog\/flandes-y-amberes-aniversario-de-james-ensor\/\" aria-hidden=\"true\" tabindex=\"-1\">\n\t\t\t\t\t<img width=\"1200\" height=\"718\" src=\"https:\/\/www.ivoox.com\/blog\/wp-content\/uploads\/2024\/12\/flandes-y-amberes-aniversario-de-james-ensor.webp\" class=\"attachment-post-thumbnail size-post-thumbnail wp-post-image\" alt=\"Flandes y Amberes: Aniversario de James Ensor\" srcset=\"https:\/\/www.ivoox.com\/blog\/wp-content\/uploads\/2024\/12\/flandes-y-amberes-aniversario-de-james-ensor.webp 1200w, https:\/\/www.ivoox.com\/blog\/wp-content\/uploads\/2024\/12\/flandes-y-amberes-aniversario-de-james-ensor-300x180.webp 300w, https:\/\/www.ivoox.com\/blog\/wp-content\/uploads\/2024\/12\/flandes-y-amberes-aniversario-de-james-ensor-1024x613.webp 1024w, https:\/\/www.ivoox.com\/blog\/wp-content\/uploads\/2024\/12\/flandes-y-amberes-aniversario-de-james-ensor-768x460.webp 768w\" sizes=\"(max-width: 1200px) 100vw, 1200px\" style=\"width:100%;height:59.83%;max-width:1200px;\" \/>\t\t\t\t<\/a>\n\t\t\t\t\t\t\t<\/figure><!-- .post-thumbnail -->\n\n\t\t\t\t\n<p class=\"has-text-align-center has-extra-small-font-size\" id=\"james-ensor-the-intrigue-collection-kmska-flemish-community-cc0\">\u00a9James Ensor,\u00a0<em>The Intrigue<\/em>, Collection KMSKA &#8211; Flemish Community (CC0)<\/p>\n\n\n\n<p>En el coraz\u00f3n de Europa, Flandes fue durante siglos un punto de convergencia cultural, pol\u00edtica y econ\u00f3mica. Esta regi\u00f3n del norte europeo conoci\u00f3 un florecimiento art\u00edstico sin igual, especialmente durante la Edad Media, el Renacimiento y el Barroco, legando una de las tradiciones art\u00edsticas m\u00e1s ricas y duraderas de Europa.<\/p>\n\n\n\n<p>Hoy, el esplendor borgo\u00f1\u00f3n y la huella de sus artistas siguen presentes en ciudades como Brujas, Malinas, Gante, Lovaina, la barroca Amberes y la capital, Bruselas. Van Eyck, Bruegel, Rubens, Bouts son solo algunos de los m\u00e1s conocidos maestros flamencos. Ya entre los siglos XIX y XX, James Ensor (Ostende, 1860-1949), artista precursor del expresionismo, es una figura clave en el arte moderno.<\/p>\n\n\n\n<p>En este 2024, Flandes celebra el A\u00f1o Ensor para conmemorar el 75 aniversario del fallecimiento de este artista pionero, con diversas exposiciones y actividades. Las celebraciones comenzaron en Ostende, cuna del pintor, donde pas\u00f3 la mayor parte de su vida hasta su muerte y en donde se encuentran su casa y taller. Y, desde&nbsp; septiembre de este a\u00f1o, Amberes toma el relevo, celebrando el&nbsp;<strong>A\u00f1o Ensor<\/strong> <a href=\"https:\/\/mautic.toerismevlaanderen.be\/email\/view\/66fd02cbac8ae101776339\" target=\"_blank\" rel=\"noreferrer noopener\">a lo largo de 4 exposiciones<\/a> que exploran distintas facetas de su obra y su vigente legado.<\/p>\n\n\n\n<p>El <strong>Museo Real de Bellas Artes (KMSKA) <\/strong>presenta &#8216;Los sue\u00f1os m\u00e1s salvajes de Ensor&#8217;, una retrospectiva que nos lleva m\u00e1s all\u00e1 del impresionismo, destacando las influencias de artistas como Goya y Munch. Por otro lado, en el <strong>Museo Plantin-Moretus<\/strong>, &#8216;Estados de imaginaci\u00f3n&#8217; profundiza en los experimentos gr\u00e1ficos de Ensor, una faceta menos conocida pero igualmente innovadora del pintor.<\/p>\n\n\n\n<p>La moda y el maquillaje toman protagonismo en el <strong>Museo de la Moda (MoMu)<\/strong> con &#8216;Mascarada, Maquillaje y Ensor&#8217;, una exposici\u00f3n que conecta las m\u00e1scaras y la est\u00e9tica con la obra de Ensor. Y si te fascina el retrato, el <strong>FOMU<\/strong> trae la primera gran exposici\u00f3n de <strong>Cindy Sherman<\/strong> en B\u00e9lgica, en di\u00e1logo con la visi\u00f3n de Ensor sobre las mascaradas sociales.<\/p>\n\n\n\n<figure class=\"wp-block-image size-large\"><img loading=\"lazy\" decoding=\"async\" width=\"1024\" height=\"683\" src=\"https:\/\/www.ivoox.com\/blog\/wp-content\/uploads\/2024\/12\/flandes-y-amberes-aniversario-de-james-ensor-woodmonkey-1024x683.webp\" alt=\"\" class=\"wp-image-87437\" srcset=\"https:\/\/www.ivoox.com\/blog\/wp-content\/uploads\/2024\/12\/flandes-y-amberes-aniversario-de-james-ensor-woodmonkey-1024x683.webp 1024w, https:\/\/www.ivoox.com\/blog\/wp-content\/uploads\/2024\/12\/flandes-y-amberes-aniversario-de-james-ensor-woodmonkey-300x200.webp 300w, https:\/\/www.ivoox.com\/blog\/wp-content\/uploads\/2024\/12\/flandes-y-amberes-aniversario-de-james-ensor-woodmonkey-768x512.webp 768w, https:\/\/www.ivoox.com\/blog\/wp-content\/uploads\/2024\/12\/flandes-y-amberes-aniversario-de-james-ensor-woodmonkey.webp 1200w\" sizes=\"auto, (max-width: 1024px) 100vw, 1024px\" \/><figcaption>\u00a0<br>Fachada del KMSKA \u00a9Woodmonkey<\/figcaption><\/figure>\n\n\n\n<p><a href=\"https:\/\/www.ivoox.com\/pinceles-flandes-audios-mp3_rf_134915447_1.html?utm_source=post&#038;utm_medium=web&#038;utm_content=audio&#038;utm_campaign=blog&#038;utm_term= flandes-y-amberes-aniversario-de-james-ensor\" target=\"_blank\" rel=\"noreferrer noopener\"><strong>En este episodio de La ContraHistoria<\/strong><\/a>, el historiador <strong>Fernando D\u00edaz Villanueva<\/strong> conversa con Alberto Gar\u00edn, gran conocedor de la escuela flamenca, para mostrarnos un colorido recorrido de Flandes como cuna de pintores magistrales y alquimistas de la luz y el color, que deslumbraron al mundo hace m\u00e1s de cinco siglos y de los que bebe la figura de James Ensor ya entre finales del siglo XIX y el siglo XX.<\/p>\n\n\n\n<iframe src=\"https:\/\/www.ivoox.com\/player_ej_134915447_6_1.html?c1=444444\" width=\"100%\" height=\"200\" frameborder=\"0\" allowfullscreen=\"\" scrolling=\"no\" loading=\"lazy\"><\/iframe>\n\n\n\n<h2 class=\"wp-block-heading\" id=\"flandes-el-nacimiento-de-una-region-artistica\"><span class=\"ez-toc-section\" id=\"Flandes_El_nacimiento_de_una_region_artistica\"><\/span><strong>Flandes: El nacimiento de una regi\u00f3n art\u00edstica<\/strong><span class=\"ez-toc-section-end\"><\/span><\/h2>\n\n\n\n<p>Durante la Edad Media, Flandes fue una regi\u00f3n pr\u00f3spera, destacada por su <strong>industria textil <\/strong>y su influencia en el comercio europeo. En el siglo XIV, el <strong>Ducado de Borgo\u00f1a<\/strong>, que abarcaba territorios desde el norte de Francia hasta los Pa\u00edses Bajos, emergi\u00f3 como una de las potencias m\u00e1s influyentes de Europa. Bajo el patrocinio de los duques de Borgo\u00f1a, ciudades como Brujas, Malinas y Gantese convirtieron en destacados <strong>centros culturales y art\u00edsticos<\/strong>.<\/p>\n\n\n\n<p>Los duques de Borgo\u00f1a, con sus lujosas cortes y mecenazgo art\u00edstico, impulsaron el desarrollo del arte flamenco. En <strong>Brujas<\/strong>, ciudad donde vivi\u00f3 Jan van Eyck, el g\u00f3tico medieval se fusion\u00f3 con los nuevos ideales renacentistas. <strong>Malinas<\/strong>, capital entonces de la regi\u00f3n, desempe\u00f1\u00f3 un papel clave en el florecimiento cultural de la regi\u00f3n. Y <strong>Gante<\/strong> y otras ciudades flamencas absorbieron <strong>innovaciones art\u00edsticas procedentes de Italia,<\/strong> creando un estilo \u00fanico que definir\u00eda la pintura de la regi\u00f3n durante siglos.<\/p>\n\n\n\n<h2 class=\"wp-block-heading\" id=\"la-evolucion-del-arte-borgonon-en-el-renacimiento\"><span class=\"ez-toc-section\" id=\"La_evolucion_del_arte_borgonon_en_el_Renacimiento\"><\/span><strong>La evoluci\u00f3n del arte borgo\u00f1\u00f3n en el Renacimiento<\/strong><span class=\"ez-toc-section-end\"><\/span><\/h2>\n\n\n\n<p>El <strong>arte borgo\u00f1\u00f3n vivi\u00f3 su m\u00e1ximo esplendor durante el Renacimiento<\/strong>, destac\u00e1ndose por su realismo extraordinario. Los pintores flamencos no solo representaban figuras religiosas, sino tambi\u00e9n escenas cotidianas, retratos de la aristocracia y paisajes naturales. A diferencia de la pintura italiana, que se centraba en la armon\u00eda idealizada y en temas mitol\u00f3gicos o religiosos, los artistas de Flandes prestaron una <strong>atenci\u00f3n minuciosa a la naturaleza y al ser humano<\/strong>, incorporando simbolismos religiosos y culturales.<\/p>\n\n\n\n<p>Las obras de artistas como <strong>Jan van Eyck, Rogier van der Weyden y Hans Memling <\/strong>fueron fusionandoel detallado realismo del arte g\u00f3tico<strong> con las nuevas perspectivas renacentistas<\/strong>. La t\u00e9cnica del \u00f3leo, junto con la meticulosa representaci\u00f3n de la vida cotidiana, paisajes y expresiones humanas, hizo de estos pintores los precursores de una de las escuelas m\u00e1s influyentes de Europa.<\/p>\n\n\n\n<h2 class=\"wp-block-heading\" id=\"amberes-el-apogeo-posterior-al-renacimiento-borgonon\"><span class=\"ez-toc-section\" id=\"Amberes_El_apogeo_posterior_al_Renacimiento_borgonon\"><\/span><strong>Amberes: El apogeo posterior al Renacimiento borgo\u00f1\u00f3n<\/strong><span class=\"ez-toc-section-end\"><\/span><\/h2>\n\n\n\n<p><strong>Amberes<\/strong> es mundialmente conocida como el <strong>centro del arte barroco<\/strong> flamenco gracias a Rubens, si bien su relevancia como centro art\u00edstico comenz\u00f3 a gestarse en el siglo XV, cuando el Renacimiento borgo\u00f1\u00f3n florec\u00eda en Brujas, Malinas y Gante. En esta etapa, el puerto comercial de Amberes fue en crecimiento, gracias a su ubicaci\u00f3n estrat\u00e9gica en las rutas comerciales europeas.<\/p>\n\n\n\n<p>En el siglo XVI, Amberes se consolid\u00f3 como ciudad pr\u00f3spera y culturalmente influyente, tomando el relevo de Brujas. El <strong>auge de su comercio<\/strong> atrajo a artistas, mecenas y comerciantes de toda Europa, convirti\u00e9ndose en crisol de ideas y tendencias. Este entorno favoreci\u00f3 la <strong>adaptaci\u00f3n de las tradiciones renacentistas<\/strong> borgo\u00f1onas, d\u00e1ndoles un giro din\u00e1mico y personal.<\/p>\n\n\n\n<p>A medida que el poder del Ducado de Borgo\u00f1a se desvanec\u00eda y las influencias italianas llegaban a la regi\u00f3n, Amberes floreci\u00f3 con una nueva generaci\u00f3n de artistas y talleres. Ya en el siglo XVII, la ciudad alcanz\u00f3 su m\u00e1ximo esplendor con el barroco flamenco, liderado por figuras como <strong>Rubens, Van Dyck y Jordaens<\/strong>, quienes elevaron el arte flamenco a la escena internacional.<\/p>\n\n\n\n<h2 class=\"wp-block-heading\" id=\"el-legado-del-arte-borgonon\"><span class=\"ez-toc-section\" id=\"El_legado_del_arte_borgonon\"><\/span><strong>El legado del arte borgo\u00f1\u00f3n<\/strong><span class=\"ez-toc-section-end\"><\/span><\/h2>\n\n\n\n<p>Los maestros primitivos flamencos, como Jan <strong>van Eyck y Rogier van der Weyden<\/strong>, con su <strong>atenci\u00f3n al detalle y su simbolismo<\/strong>, crearon las bases de la tradici\u00f3n pict\u00f3rica flamenca y su desarrollo a lo largo de los siglos.<\/p>\n\n\n\n<p>En el siglo XVI, <strong>Pieter Bruegel el Viejo<\/strong> destac\u00f3 como figura esencial en esta evoluci\u00f3n. Con su mirada cr\u00edtica y aguda observaci\u00f3n de la vida cotidiana, Bruegel reflej\u00f3 tanto las <strong>tradiciones populares como las complejidades sociales de su tiempo<\/strong>, sentando las bases para un arte flamenco m\u00e1s narrativo y cercano al espectador.<\/p>\n\n\n\n<p>El siglo XVII fue testigo del auge de maestros barrocos flamencos como <strong>Peter Paul Rubens, Anthony van Dyck y Jacob Jordaens<\/strong>. Estos artistas, famosos por su <strong>dramatismo y dominio del color<\/strong>, transformaron el legado borgo\u00f1\u00f3n en un estilo vibrante e internacional, dejando una huella profunda en el panorama art\u00edstico europeo.<\/p>\n\n\n\n<p>Ya en el siglo XIX,<strong> James Ensor<\/strong>, precursor del <strong>expresionismo<\/strong>, retom\u00f3 esta rica herencia desde una perspectiva completamente personal. Ensor compart\u00eda con sus predecesores flamencos la fascinaci\u00f3n por la complejidad de la condici\u00f3n humana, pero aport\u00f3 un <strong>lenguaje visual innovador y profundamente emocional<\/strong>. As\u00ed, su obra conecta conceptualmente con siglos de tradici\u00f3n flamenca, reinterpret\u00e1ndola desde una visi\u00f3n moderna que sigue influyendo el arte contempor\u00e1neo.<\/p>\n\n\n\n<p>Puedes conocer m\u00e1s sobre la figura de James Ensor en: <a href=\"https:\/\/www.visitflanders.com\/es\/descubre-flandes\/arte-y-patrimonio\/maestros-flamencos\/james-enso\" target=\"_blank\" rel=\"noreferrer noopener\">https:\/\/www.visitflanders.com\/es\/descubre-flandes\/arte-y-patrimonio\/maestros-flamencos\/james-enso<\/a>r<\/p>\n\n\n\n<p>Vive el A\u00f1o Ensor y disfruta de Amberes, una ciudad que respira creatividad en cada rinc\u00f3n.<br><a href=\"https:\/\/visit.antwerpen.be\/es\/ensor-en-amberes\" target=\"_blank\" rel=\"noreferrer noopener\">https:\/\/visit.antwerpen.be\/es\/ensor-en-amberes<\/a><\/p>\n<\/div><div class=\"ivoox-post-banners\">\n<div class=\"banner-card\">\n\t<img src=\"https:\/\/www.ivoox.com\/blog\/wp-content\/themes\/ivoox-theme\/assets\/images\/banner-ivoox-app-r25.jpg\" alt=\"Descarga la app\" width=\"325\" height=\"260\" class=\"banner-image\">\n\t<div class=\"banner-content\">\n\t\t<h3>\n\t\t\tDescarga gratis la <span>app de iVoox<\/span>\n\t\t<\/h3>\n\t\t<p>\n\t\t\tEscucha cuando y donde quieras tus podcasts, radios y audiolibros favoritos.\n\t\t<\/p>\n\t\t<a href=\"https:\/\/www.ivoox.com\/_ik_descarga-app_1.html?utm_source%3Dbanner%26utm_medium%3Dweb%26utm_content%3Ddescargar_app%26utm_campaign%3Dblog\" target=\"blank\" class=\"btn\">Descargar gratis<\/a>\t<\/div>\n<\/div>\n<\/div><\/div>","protected":false},"excerpt":{"rendered":"<p>Flandes celebra el A\u00f1o Ensor para conmemorar el 75 aniversario del fallecimiento de este artista pionero, con diversas exposiciones y actividades.<\/p>\n","protected":false},"author":8,"featured_media":87435,"comment_status":"open","ping_status":"closed","sticky":false,"template":"","format":"standard","meta":{"footnotes":""},"categories":[1],"tags":[],"class_list":["post-87431","post","type-post","status-publish","format-standard","has-post-thumbnail","hentry","category-sin-categorizar","entry"],"yoast_head":"<!-- This site is optimized with the Yoast SEO plugin v26.8 - https:\/\/yoast.com\/product\/yoast-seo-wordpress\/ -->\n<title>Flandes y Amberes: Aniversario de James Ensor - iVoox Blog<\/title>\n<meta name=\"description\" content=\"Flandes celebra el A\u00f1o Ensor para conmemorar el 75 aniversario del fallecimiento de este artista, con diversas exposiciones y actividades.\" \/>\n<meta name=\"robots\" content=\"index, follow, max-snippet:-1, max-image-preview:large, max-video-preview:-1\" \/>\n<link rel=\"canonical\" href=\"https:\/\/www.ivoox.com\/blog\/flandes-y-amberes-aniversario-de-james-ensor\/\" \/>\n<meta property=\"og:locale\" content=\"es_ES\" \/>\n<meta property=\"og:type\" content=\"article\" \/>\n<meta property=\"og:title\" content=\"Flandes y Amberes: Aniversario de James Ensor - iVoox Blog\" \/>\n<meta property=\"og:description\" content=\"Flandes celebra el A\u00f1o Ensor para conmemorar el 75 aniversario del fallecimiento de este artista, con diversas exposiciones y actividades.\" \/>\n<meta property=\"og:url\" content=\"https:\/\/www.ivoox.com\/blog\/flandes-y-amberes-aniversario-de-james-ensor\/\" \/>\n<meta property=\"og:site_name\" content=\"iVoox Blog\" \/>\n<meta property=\"article:published_time\" content=\"2024-12-11T09:53:00+00:00\" \/>\n<meta property=\"og:image\" content=\"https:\/\/www.ivoox.com\/blog\/wp-content\/uploads\/2024\/12\/flandes-y-amberes-aniversario-de-james-ensor.webp\" \/>\n\t<meta property=\"og:image:width\" content=\"1200\" \/>\n\t<meta property=\"og:image:height\" content=\"718\" \/>\n\t<meta property=\"og:image:type\" content=\"image\/webp\" \/>\n<meta name=\"author\" content=\"Laura Torner\" \/>\n<meta name=\"twitter:card\" content=\"summary_large_image\" \/>\n<meta name=\"twitter:label1\" content=\"Escrito por\" \/>\n\t<meta name=\"twitter:data1\" content=\"Laura Torner\" \/>\n\t<meta name=\"twitter:label2\" content=\"Tiempo de lectura\" \/>\n\t<meta name=\"twitter:data2\" content=\"6 minutos\" \/>\n<!-- \/ Yoast SEO plugin. -->","yoast_head_json":{"title":"Flandes y Amberes: Aniversario de James Ensor - iVoox Blog","description":"Flandes celebra el A\u00f1o Ensor para conmemorar el 75 aniversario del fallecimiento de este artista, con diversas exposiciones y actividades.","robots":{"index":"index","follow":"follow","max-snippet":"max-snippet:-1","max-image-preview":"max-image-preview:large","max-video-preview":"max-video-preview:-1"},"canonical":"https:\/\/www.ivoox.com\/blog\/flandes-y-amberes-aniversario-de-james-ensor\/","og_locale":"es_ES","og_type":"article","og_title":"Flandes y Amberes: Aniversario de James Ensor - iVoox Blog","og_description":"Flandes celebra el A\u00f1o Ensor para conmemorar el 75 aniversario del fallecimiento de este artista, con diversas exposiciones y actividades.","og_url":"https:\/\/www.ivoox.com\/blog\/flandes-y-amberes-aniversario-de-james-ensor\/","og_site_name":"iVoox Blog","article_published_time":"2024-12-11T09:53:00+00:00","og_image":[{"width":1200,"height":718,"url":"https:\/\/www.ivoox.com\/blog\/wp-content\/uploads\/2024\/12\/flandes-y-amberes-aniversario-de-james-ensor.webp","type":"image\/webp"}],"author":"Laura Torner","twitter_card":"summary_large_image","twitter_misc":{"Escrito por":"Laura Torner","Tiempo de lectura":"6 minutos"},"schema":{"@context":"https:\/\/schema.org","@graph":[{"@type":"NewsArticle","@id":"https:\/\/www.ivoox.com\/blog\/flandes-y-amberes-aniversario-de-james-ensor\/#article","isPartOf":{"@id":"https:\/\/www.ivoox.com\/blog\/flandes-y-amberes-aniversario-de-james-ensor\/"},"author":{"name":"Laura Torner","@id":"https:\/\/www.ivoox.com\/blog\/#\/schema\/person\/5ce233906116d323b36e5827fb811102"},"headline":"Flandes y Amberes: Aniversario de James Ensor","datePublished":"2024-12-11T09:53:00+00:00","mainEntityOfPage":{"@id":"https:\/\/www.ivoox.com\/blog\/flandes-y-amberes-aniversario-de-james-ensor\/"},"wordCount":1229,"commentCount":0,"publisher":{"@id":"https:\/\/www.ivoox.com\/blog\/#organization"},"image":{"@id":"https:\/\/www.ivoox.com\/blog\/flandes-y-amberes-aniversario-de-james-ensor\/#primaryimage"},"thumbnailUrl":"https:\/\/www.ivoox.com\/blog\/wp-content\/uploads\/2024\/12\/flandes-y-amberes-aniversario-de-james-ensor.webp","articleSection":["Sin categorizar"],"inLanguage":"es","potentialAction":[{"@type":"CommentAction","name":"Comment","target":["https:\/\/www.ivoox.com\/blog\/flandes-y-amberes-aniversario-de-james-ensor\/#respond"]}]},{"@type":["WebPage","ItemPage"],"@id":"https:\/\/www.ivoox.com\/blog\/flandes-y-amberes-aniversario-de-james-ensor\/","url":"https:\/\/www.ivoox.com\/blog\/flandes-y-amberes-aniversario-de-james-ensor\/","name":"Flandes y Amberes: Aniversario de James Ensor - iVoox Blog","isPartOf":{"@id":"https:\/\/www.ivoox.com\/blog\/#website"},"primaryImageOfPage":{"@id":"https:\/\/www.ivoox.com\/blog\/flandes-y-amberes-aniversario-de-james-ensor\/#primaryimage"},"image":{"@id":"https:\/\/www.ivoox.com\/blog\/flandes-y-amberes-aniversario-de-james-ensor\/#primaryimage"},"thumbnailUrl":"https:\/\/www.ivoox.com\/blog\/wp-content\/uploads\/2024\/12\/flandes-y-amberes-aniversario-de-james-ensor.webp","datePublished":"2024-12-11T09:53:00+00:00","description":"Flandes celebra el A\u00f1o Ensor para conmemorar el 75 aniversario del fallecimiento de este artista, con diversas exposiciones y actividades.","breadcrumb":{"@id":"https:\/\/www.ivoox.com\/blog\/flandes-y-amberes-aniversario-de-james-ensor\/#breadcrumb"},"inLanguage":"es","potentialAction":[{"@type":"ReadAction","target":["https:\/\/www.ivoox.com\/blog\/flandes-y-amberes-aniversario-de-james-ensor\/"]}]},{"@type":"ImageObject","inLanguage":"es","@id":"https:\/\/www.ivoox.com\/blog\/flandes-y-amberes-aniversario-de-james-ensor\/#primaryimage","url":"https:\/\/www.ivoox.com\/blog\/wp-content\/uploads\/2024\/12\/flandes-y-amberes-aniversario-de-james-ensor.webp","contentUrl":"https:\/\/www.ivoox.com\/blog\/wp-content\/uploads\/2024\/12\/flandes-y-amberes-aniversario-de-james-ensor.webp","width":1200,"height":718,"caption":"Flandes y Amberes: Aniversario de James Ensor"},{"@type":"BreadcrumbList","@id":"https:\/\/www.ivoox.com\/blog\/flandes-y-amberes-aniversario-de-james-ensor\/#breadcrumb","itemListElement":[{"@type":"ListItem","position":1,"name":"Home","item":"https:\/\/www.ivoox.com\/blog\/"},{"@type":"ListItem","position":2,"name":"Flandes y Amberes: Aniversario de James Ensor"}]},{"@type":"WebSite","@id":"https:\/\/www.ivoox.com\/blog\/#website","url":"https:\/\/www.ivoox.com\/blog\/","name":"iVoox Blog","description":"\u00daltimas noticias de iVoox","publisher":{"@id":"https:\/\/www.ivoox.com\/blog\/#organization"},"potentialAction":[{"@type":"SearchAction","target":{"@type":"EntryPoint","urlTemplate":"https:\/\/www.ivoox.com\/blog\/?s={search_term_string}"},"query-input":{"@type":"PropertyValueSpecification","valueRequired":true,"valueName":"search_term_string"}}],"inLanguage":"es"},{"@type":"Organization","@id":"https:\/\/www.ivoox.com\/blog\/#organization","name":"iVoox Blog","url":"https:\/\/www.ivoox.com\/blog\/","logo":{"@type":"ImageObject","inLanguage":"es","@id":"https:\/\/www.ivoox.com\/blog\/#\/schema\/logo\/image\/","url":"https:\/\/www.ivoox.com\/blog\/wp-content\/uploads\/2022\/02\/1x1.png","contentUrl":"https:\/\/www.ivoox.com\/blog\/wp-content\/uploads\/2022\/02\/1x1.png","width":1,"height":1,"caption":"iVoox Blog"},"image":{"@id":"https:\/\/www.ivoox.com\/blog\/#\/schema\/logo\/image\/"}},{"@type":"Person","@id":"https:\/\/www.ivoox.com\/blog\/#\/schema\/person\/5ce233906116d323b36e5827fb811102","name":"Laura Torner","image":{"@type":"ImageObject","inLanguage":"es","@id":"https:\/\/www.ivoox.com\/blog\/#\/schema\/person\/image\/","url":"https:\/\/secure.gravatar.com\/avatar\/4a180d2d1333979839e4ab608c3b15bd757d7e37f9c305a5b8012b7f6bca6c3d?s=96&d=mm&r=g","contentUrl":"https:\/\/secure.gravatar.com\/avatar\/4a180d2d1333979839e4ab608c3b15bd757d7e37f9c305a5b8012b7f6bca6c3d?s=96&d=mm&r=g","caption":"Laura Torner"},"description":"Responsable de Marketing y Contenidos en iVoox. Algunos de mis podcasts favoritos: La \u00d3rbita de Endor, Cr\u00f3nica en negro y Fans Fiction.","url":"https:\/\/www.ivoox.com\/blog\/author\/laura-torner\/"}]}},"_links":{"self":[{"href":"https:\/\/www.ivoox.com\/blog\/wp-json\/wp\/v2\/posts\/87431","targetHints":{"allow":["GET"]}}],"collection":[{"href":"https:\/\/www.ivoox.com\/blog\/wp-json\/wp\/v2\/posts"}],"about":[{"href":"https:\/\/www.ivoox.com\/blog\/wp-json\/wp\/v2\/types\/post"}],"author":[{"embeddable":true,"href":"https:\/\/www.ivoox.com\/blog\/wp-json\/wp\/v2\/users\/8"}],"replies":[{"embeddable":true,"href":"https:\/\/www.ivoox.com\/blog\/wp-json\/wp\/v2\/comments?post=87431"}],"version-history":[{"count":4,"href":"https:\/\/www.ivoox.com\/blog\/wp-json\/wp\/v2\/posts\/87431\/revisions"}],"predecessor-version":[{"id":87440,"href":"https:\/\/www.ivoox.com\/blog\/wp-json\/wp\/v2\/posts\/87431\/revisions\/87440"}],"wp:featuredmedia":[{"embeddable":true,"href":"https:\/\/www.ivoox.com\/blog\/wp-json\/wp\/v2\/media\/87435"}],"wp:attachment":[{"href":"https:\/\/www.ivoox.com\/blog\/wp-json\/wp\/v2\/media?parent=87431"}],"wp:term":[{"taxonomy":"category","embeddable":true,"href":"https:\/\/www.ivoox.com\/blog\/wp-json\/wp\/v2\/categories?post=87431"},{"taxonomy":"post_tag","embeddable":true,"href":"https:\/\/www.ivoox.com\/blog\/wp-json\/wp\/v2\/tags?post=87431"}],"curies":[{"name":"wp","href":"https:\/\/api.w.org\/{rel}","templated":true}]}}