{"id":89815,"date":"2025-07-07T08:00:00","date_gmt":"2025-07-07T06:00:00","guid":{"rendered":"https:\/\/www.ivoox.com\/blog\/?p=89815"},"modified":"2025-12-03T07:29:10","modified_gmt":"2025-12-03T06:29:10","slug":"podcasts-radio-marca","status":"publish","type":"post","link":"https:\/\/www.ivoox.com\/blog\/podcasts-radio-marca\/","title":{"rendered":"Los mejores podcasts de Radio Marca ({year})"},"content":{"rendered":"<div class=\"ivoox-post-content\"><div class=\"ivoox-post-index\" id=\"table-content\"><div id=\"ez-toc-container\" class=\"ez-toc-v2_0_80 counter-hierarchy ez-toc-counter ez-toc-grey ez-toc-container-direction\">\n<div class=\"ez-toc-title-container\"><p class=\"ez-toc-title\" style=\"cursor:inherit\">Tabla de contenidos<\/p>\n<\/div><nav><ul class='ez-toc-list ez-toc-list-level-1 ' ><li class='ez-toc-page-1 ez-toc-heading-level-2'><a class=\"ez-toc-link ez-toc-heading-1\" href=\"https:\/\/www.ivoox.com\/blog\/podcasts-radio-marca\/#Los_mejores_podcasts_de_Radio_Marca_gratis\" >Los mejores podcasts de Radio Marca gratis<\/a><ul class='ez-toc-list-level-3' ><li class='ez-toc-heading-level-3'><a class=\"ez-toc-link ez-toc-heading-2\" href=\"https:\/\/www.ivoox.com\/blog\/podcasts-radio-marca\/#Despierta_San_Francisco\" >Despierta San Francisco<\/a><\/li><li class='ez-toc-page-1 ez-toc-heading-level-3'><a class=\"ez-toc-link ez-toc-heading-3\" href=\"https:\/\/www.ivoox.com\/blog\/podcasts-radio-marca\/#La_Tribu\" >La Tribu<\/a><\/li><li class='ez-toc-page-1 ez-toc-heading-level-3'><a class=\"ez-toc-link ez-toc-heading-4\" href=\"https:\/\/www.ivoox.com\/blog\/podcasts-radio-marca\/#La_Pizarra_de_Quintana\" >La Pizarra de Quintana<\/a><\/li><li class='ez-toc-page-1 ez-toc-heading-level-3'><a class=\"ez-toc-link ez-toc-heading-5\" href=\"https:\/\/www.ivoox.com\/blog\/podcasts-radio-marca\/#IngrAvidos\" >Ingr\u00c1vidos<\/a><\/li><li class='ez-toc-page-1 ez-toc-heading-level-3'><a class=\"ez-toc-link ez-toc-heading-6\" href=\"https:\/\/www.ivoox.com\/blog\/podcasts-radio-marca\/#A_Diario\" >A Diario<\/a><\/li><li class='ez-toc-page-1 ez-toc-heading-level-3'><a class=\"ez-toc-link ez-toc-heading-7\" href=\"https:\/\/www.ivoox.com\/blog\/podcasts-radio-marca\/#Sin_Ataduras_con_Pedro_Morata\" >Sin Ataduras con Pedro Morata<\/a><\/li><li class='ez-toc-page-1 ez-toc-heading-level-3'><a class=\"ez-toc-link ez-toc-heading-8\" href=\"https:\/\/www.ivoox.com\/blog\/podcasts-radio-marca\/#Buenas_noches_y_Buenos_goles\" >Buenas noches y Buenos goles<\/a><\/li><li class='ez-toc-page-1 ez-toc-heading-level-3'><a class=\"ez-toc-link ez-toc-heading-9\" href=\"https:\/\/www.ivoox.com\/blog\/podcasts-radio-marca\/#MARCA_Coches\" >MARCA Coches<\/a><\/li><li class='ez-toc-page-1 ez-toc-heading-level-3'><a class=\"ez-toc-link ez-toc-heading-10\" href=\"https:\/\/www.ivoox.com\/blog\/podcasts-radio-marca\/#La_Libreta_en_Radio_MARCA\" >La Libreta en Radio MARCA<\/a><\/li><li class='ez-toc-page-1 ez-toc-heading-level-3'><a class=\"ez-toc-link ez-toc-heading-11\" href=\"https:\/\/www.ivoox.com\/blog\/podcasts-radio-marca\/#Seriadictos\" >Seriadictos<\/a><\/li><\/ul><\/li><li class='ez-toc-page-1 ez-toc-heading-level-2'><a class=\"ez-toc-link ez-toc-heading-12\" href=\"https:\/\/www.ivoox.com\/blog\/podcasts-radio-marca\/#Preguntas_frecuentes\" >Preguntas frecuentes<\/a><\/li><\/ul><\/nav><\/div>\n<\/div><div class=\"ivoox-post-body\">\n\t\t\n\t\t\t<figure class=\"post-thumbnail\">\n\t\t\t\t<a class=\"post-thumbnail-inner alignwide\" href=\"https:\/\/www.ivoox.com\/blog\/podcasts-radio-marca\/\" aria-hidden=\"true\" tabindex=\"-1\">\n\t\t\t\t\t<img width=\"1200\" height=\"675\" src=\"https:\/\/www.ivoox.com\/blog\/wp-content\/uploads\/2025\/06\/podcasts-radio-marca.webp\" class=\"attachment-post-thumbnail size-post-thumbnail wp-post-image\" alt=\"Los mejores podcasts de Radio Marca\" srcset=\"https:\/\/www.ivoox.com\/blog\/wp-content\/uploads\/2025\/06\/podcasts-radio-marca.webp 1200w, https:\/\/www.ivoox.com\/blog\/wp-content\/uploads\/2025\/06\/podcasts-radio-marca-300x169.webp 300w, https:\/\/www.ivoox.com\/blog\/wp-content\/uploads\/2025\/06\/podcasts-radio-marca-1024x576.webp 1024w, https:\/\/www.ivoox.com\/blog\/wp-content\/uploads\/2025\/06\/podcasts-radio-marca-768x432.webp 768w\" sizes=\"(max-width: 1200px) 100vw, 1200px\" style=\"width:100%;height:56.25%;max-width:1200px;\" \/>\t\t\t\t<\/a>\n\t\t\t\t\t\t\t\t\t<figcaption class=\"wp-caption-text\">Los mejores podcasts de Radio Marca<\/figcaption>\n\t\t\t\t\t\t\t<\/figure><!-- .post-thumbnail -->\n\n\t\t\t\t\n<p>\u00bfTe gustan los buenos podcasts, esos que te enganchan desde el primer minuto? Entonces esta selecci\u00f3n de <strong>los mejores podcasts de Radio Marca<\/strong> es para ti. Desde an\u00e1lisis futbol\u00edsticos diarios hasta espacios pensados para los m\u00e1s cin\u00e9filos o los amantes de la aventura, aqu\u00ed encontrar\u00e1s una selecci\u00f3n que lo tiene todo para engancharte. \u00bfA qu\u00e9 esperas para descubrir por qu\u00e9 se han convertido en los favoritos de tantos oyentes? \u00a1<a href=\"https:\/\/www.ivoox.com\/_ik_descarga-app_1.html?utm_source=post_btn_descargarapp&#038;utm_medium=web&#038;utm_content=descargar_app&#038;utm_campaign=blog&#038;utm_term=podcasts-radio-marca\" target=\"_blank\" rel=\"noreferrer noopener\">Esc\u00fachalos gratis en iVoox<\/a> y vive la radio como nunca! ?<\/p>\n\n\n\n<h2 class=\"wp-block-heading\" id=\"los-mejores-podcasts-de-radio-marca-gratis\"><span class=\"ez-toc-section\" id=\"Los_mejores_podcasts_de_Radio_Marca_gratis\"><\/span><strong>Los mejores podcasts de Radio Marca gratis<\/strong><span class=\"ez-toc-section-end\"><\/span><\/h2>\n\n\n\n<h3 class=\"wp-block-heading\" id=\"despierta-san-francisco\"><span class=\"ez-toc-section\" id=\"Despierta_San_Francisco\"><\/span><strong><a href=\"https:\/\/www.ivoox.com\/podcast-despierta-san-francisco_sq_f11049889_1.html?utm_source=post_h3&#038;utm_medium=web&#038;utm_content=podcast&#038;utm_campaign=blog&#038;utm_term=podcasts-radio-marca\" target=\"_blank\" rel=\"noreferrer noopener\">Despierta San Francisco<\/a><\/strong><span class=\"ez-toc-section-end\"><\/span><\/h3>\n\n\n\n<div class=\"wp-block-image\"><figure class=\"aligncenter size-full\"><a href=\"https:\/\/www.ivoox.com\/podcast-despierta-san-francisco_sq_f11049889_1.html?utm_source=post_img&#038;utm_medium=web&#038;utm_content=podcast&#038;utm_campaign=blog&#038;utm_term=podcasts-radio-marca\" target=\"_blank\" rel=\"noopener\"><img loading=\"lazy\" decoding=\"async\" width=\"400\" height=\"400\" src=\"https:\/\/www.ivoox.com\/blog\/wp-content\/uploads\/2025\/06\/los-mejores-podcasts-de-radio-marca-despierta-san-francisco.webp\" alt=\"Los mejores podcasts de Radio Marca - Despierta San Francisco\" class=\"wp-image-89816\" srcset=\"https:\/\/www.ivoox.com\/blog\/wp-content\/uploads\/2025\/06\/los-mejores-podcasts-de-radio-marca-despierta-san-francisco.webp 400w, https:\/\/www.ivoox.com\/blog\/wp-content\/uploads\/2025\/06\/los-mejores-podcasts-de-radio-marca-despierta-san-francisco-300x300.webp 300w, https:\/\/www.ivoox.com\/blog\/wp-content\/uploads\/2025\/06\/los-mejores-podcasts-de-radio-marca-despierta-san-francisco-150x150.webp 150w\" sizes=\"auto, (max-width: 400px) 100vw, 400px\" \/><\/a><\/figure><\/div>\n\n\n\n<p>Si te apasiona el mundo del deporte, <em>Despierta San Francisco<\/em> te lo har\u00e1 vivir de cerca. Con David S\u00e1nchez al mando, junto a Nacho Pe\u00f1a y L\u00e1tigo Serrano,&nbsp; te traen la actualidad, los mejores momentos y la m\u00fasica que lo acompa\u00f1a, con ese toque canalla que los hace \u00fanicos. \u00bfQuieres m\u00e1s? Aqu\u00ed el deporte se siente de verdad.<br><strong><em><a href=\"https:\/\/www.ivoox.com\/podcast-despierta-san-francisco_sq_f11049889_1.html?utm_source=post_escucha&#038;utm_medium=web&#038;utm_content=podcast&#038;utm_campaign=blog&#038;utm_term=podcasts-radio-marca\" target=\"_blank\" rel=\"noreferrer noopener\">Escucha Despierta San Francisco gratis en iVoox<\/a><\/em><\/strong><\/p>\n\n\n\n<h3 class=\"wp-block-heading\" id=\"la-tribu\"><span class=\"ez-toc-section\" id=\"La_Tribu\"><\/span><strong><a href=\"https:\/\/www.ivoox.com\/podcast-tribu_sq_f11152206_1.html?utm_source=post_h3&#038;utm_medium=web&#038;utm_content=podcast&#038;utm_campaign=blog&#038;utm_term=podcasts-radio-marca\" target=\"_blank\" rel=\"noreferrer noopener\">La Tribu<\/a><\/strong><span class=\"ez-toc-section-end\"><\/span><\/h3>\n\n\n\n<div class=\"wp-block-image\"><figure class=\"aligncenter size-full\"><a href=\"https:\/\/www.ivoox.com\/podcast-tribu_sq_f11152206_1.html?utm_source=post_img&#038;utm_medium=web&#038;utm_content=podcast&#038;utm_campaign=blog&#038;utm_term=podcasts-radio-marca\" target=\"_blank\" rel=\"noopener\"><img loading=\"lazy\" decoding=\"async\" width=\"400\" height=\"400\" src=\"https:\/\/www.ivoox.com\/blog\/wp-content\/uploads\/2025\/06\/los-mejores-podcasts-de-radio-marca-la-tribu.webp\" alt=\"La Tribu\" class=\"wp-image-89817\" srcset=\"https:\/\/www.ivoox.com\/blog\/wp-content\/uploads\/2025\/06\/los-mejores-podcasts-de-radio-marca-la-tribu.webp 400w, https:\/\/www.ivoox.com\/blog\/wp-content\/uploads\/2025\/06\/los-mejores-podcasts-de-radio-marca-la-tribu-300x300.webp 300w, https:\/\/www.ivoox.com\/blog\/wp-content\/uploads\/2025\/06\/los-mejores-podcasts-de-radio-marca-la-tribu-150x150.webp 150w\" sizes=\"auto, (max-width: 400px) 100vw, 400px\" \/><\/a><\/figure><\/div>\n\n\n\n<p>Este es el <a href=\"https:\/\/www.ivoox.com\/blog\/podcasts-de-futbol\/\">podcast de f\u00fatbol<\/a> que marca el ritmo cada ma\u00f1ana. Ra\u00fal Varela lidera una tertulia matinal imprescindible para entender la actualidad del deporte rey. Junto a su equipo e invitados como Ricardo Reyes, Emilio P\u00e9rez de Rozas, Javi Amaro o Jos\u00e9 Luis S\u00e1nchez, analiza la actualidad con rigor, buen humor y mucha pasi\u00f3n. \u00a1Todo lo que necesitas para empezar el d\u00eda bien informado! \u00bfTe lo vas a perder? ?<br><strong><em><a href=\"https:\/\/www.ivoox.com\/podcast-tribu_sq_f11152206_1.html?utm_source=post_escucha&#038;utm_medium=web&#038;utm_content=podcast&#038;utm_campaign=blog&#038;utm_term=podcasts-radio-marca\" target=\"_blank\" rel=\"noreferrer noopener\">Escucha La Tribu gratis en iVoox<\/a><\/em><\/strong><\/p>\n\n\n\n<h3 class=\"wp-block-heading\" id=\"la-pizarra-de-quintana\"><span class=\"ez-toc-section\" id=\"La_Pizarra_de_Quintana\"><\/span><strong><a href=\"https:\/\/www.ivoox.com\/podcast-pizarra-quintana_sq_f11348763_1.html?utm_source=post_h3&#038;utm_medium=web&#038;utm_content=podcast&#038;utm_campaign=blog&#038;utm_term=podcasts-radio-marca\" target=\"_blank\" rel=\"noreferrer noopener\">La Pizarra de Quintana<\/a><\/strong><span class=\"ez-toc-section-end\"><\/span><\/h3>\n\n\n\n<div class=\"wp-block-image\"><figure class=\"aligncenter size-full\"><a href=\"https:\/\/www.ivoox.com\/podcast-pizarra-quintana_sq_f11348763_1.html?utm_source=post_img&#038;utm_medium=web&#038;utm_content=podcast&#038;utm_campaign=blog&#038;utm_term=podcasts-radio-marca\" target=\"_blank\" rel=\"noopener\"><img loading=\"lazy\" decoding=\"async\" width=\"400\" height=\"400\" src=\"https:\/\/www.ivoox.com\/blog\/wp-content\/uploads\/2025\/06\/los-mejores-podcasts-de-radio-marca-la-pizarra-de-quintana.webp\" alt=\"Los mejores podcasts de Radio Marca - La Pizarra de Quintana\" class=\"wp-image-89818\" srcset=\"https:\/\/www.ivoox.com\/blog\/wp-content\/uploads\/2025\/06\/los-mejores-podcasts-de-radio-marca-la-pizarra-de-quintana.webp 400w, https:\/\/www.ivoox.com\/blog\/wp-content\/uploads\/2025\/06\/los-mejores-podcasts-de-radio-marca-la-pizarra-de-quintana-300x300.webp 300w, https:\/\/www.ivoox.com\/blog\/wp-content\/uploads\/2025\/06\/los-mejores-podcasts-de-radio-marca-la-pizarra-de-quintana-150x150.webp 150w\" sizes=\"auto, (max-width: 400px) 100vw, 400px\" \/><\/a><\/figure><\/div>\n\n\n\n<p>\u00bfQuieres entender el f\u00fatbol m\u00e1s all\u00e1 del marcador? Miguel Quintana, junto a Adri\u00e1n Blanco y Nahuel Miranda, repasa la actualidad del d\u00eda mientras te ayuda a entender el trasfondo de cada fichaje, partidos y decisiones que mueven La Liga, la Champions y las mejores competiciones a nivel internacional. Con entrevistas exclusivas a protagonistas del juego y debates con voces como \u00c1lvarez de Mon, Ricardo Sierra o Santi Ca\u00f1izares, aqu\u00ed encontrar\u00e1s un espacio para mirar el deporte rey con otra perspectiva.<br><strong><em><a href=\"https:\/\/www.ivoox.com\/podcast-pizarra-quintana_sq_f11348763_1.html?utm_source=post_escucha&#038;utm_medium=web&#038;utm_content=podcast&#038;utm_campaign=blog&#038;utm_term=podcasts-radio-marca\" target=\"_blank\" rel=\"noreferrer noopener\">Escucha La Pizarra de Quintana gratis en iVoox<\/a><\/em><\/strong><\/p>\n\n\n\n<h3 class=\"wp-block-heading\" id=\"ingravidos\"><span class=\"ez-toc-section\" id=\"IngrAvidos\"><\/span><strong><a href=\"https:\/\/www.ivoox.com\/podcast-ingravidos_sq_f1614382_1.html?utm_source=post_h3&#038;utm_medium=web&#038;utm_content=podcast&#038;utm_campaign=blog&#038;utm_term=podcasts-radio-marca\" target=\"_blank\" rel=\"noreferrer noopener\">Ingr\u00c1vidos<\/a><\/strong><span class=\"ez-toc-section-end\"><\/span><\/h3>\n\n\n\n<div class=\"wp-block-image\"><figure class=\"aligncenter size-full\"><a href=\"https:\/\/www.ivoox.com\/podcast-ingravidos_sq_f1614382_1.html?utm_source=post_img&#038;utm_medium=web&#038;utm_content=podcast&#038;utm_campaign=blog&#038;utm_term=podcasts-radio-marca\" target=\"_blank\" rel=\"noopener\"><img loading=\"lazy\" decoding=\"async\" width=\"400\" height=\"400\" src=\"https:\/\/www.ivoox.com\/blog\/wp-content\/uploads\/2025\/06\/los-mejores-podcasts-de-radio-marca-ingravidos.webp\" alt=\"Ingr\u00c1vidos\" class=\"wp-image-89819\" srcset=\"https:\/\/www.ivoox.com\/blog\/wp-content\/uploads\/2025\/06\/los-mejores-podcasts-de-radio-marca-ingravidos.webp 400w, https:\/\/www.ivoox.com\/blog\/wp-content\/uploads\/2025\/06\/los-mejores-podcasts-de-radio-marca-ingravidos-300x300.webp 300w, https:\/\/www.ivoox.com\/blog\/wp-content\/uploads\/2025\/06\/los-mejores-podcasts-de-radio-marca-ingravidos-150x150.webp 150w\" sizes=\"auto, (max-width: 400px) 100vw, 400px\" \/><\/a><\/figure><\/div>\n\n\n\n<p>Y si te apasiona el mundo del <a href=\"https:\/\/www.ivoox.com\/blog\/podcasts-de-trail-running\/\">trail running<\/a> y no quieres perderte ninguna carrera, <em>Ingr\u00c1vidos<\/em> es para ti. Conducido por Juanjo L\u00f3pez, te ofrece an\u00e1lisis profundos, entrevistas con atletas de \u00e9lite y debates sobre la actualidad de este fant\u00e1stico deporte. \u00bfTe vienes? Disfruta de un podcast hecho por y para corredores de monta\u00f1a \u26f0\ufe0f<br><strong><em><a href=\"https:\/\/www.ivoox.com\/podcast-ingravidos_sq_f1614382_1.html?utm_source=post_escucha&#038;utm_medium=web&#038;utm_content=podcast&#038;utm_campaign=blog&#038;utm_term=podcasts-radio-marca\" target=\"_blank\" rel=\"noreferrer noopener\">Escucha Ingr\u00c1vidos gratis en iVoox<\/a><\/em><\/strong><\/p>\n\n\n\n<h3 class=\"wp-block-heading\" id=\"a-diario\"><span class=\"ez-toc-section\" id=\"A_Diario\"><\/span><strong><a href=\"https:\/\/www.ivoox.com\/podcast-a-diario_sq_f1373145_1.html?utm_source=post_h3&#038;utm_medium=web&#038;utm_content=podcast&#038;utm_campaign=blog&#038;utm_term=podcasts-radio-marca\" target=\"_blank\" rel=\"noreferrer noopener\">A Diario<\/a><\/strong><span class=\"ez-toc-section-end\"><\/span><\/h3>\n\n\n\n<div class=\"wp-block-image\"><figure class=\"aligncenter size-full\"><a href=\"https:\/\/www.ivoox.com\/podcast-a-diario_sq_f1373145_1.html?utm_source=post_img&#038;utm_medium=web&#038;utm_content=podcast&#038;utm_campaign=blog&#038;utm_term=podcasts-radio-marca\" target=\"_blank\" rel=\"noopener\"><img loading=\"lazy\" decoding=\"async\" width=\"400\" height=\"400\" src=\"https:\/\/www.ivoox.com\/blog\/wp-content\/uploads\/2025\/06\/los-mejores-podcasts-de-radio-marca-la-tribu-1.webp\" alt=\"Los mejores podcasts de Radio Marca - A Diario\" class=\"wp-image-89820\" srcset=\"https:\/\/www.ivoox.com\/blog\/wp-content\/uploads\/2025\/06\/los-mejores-podcasts-de-radio-marca-la-tribu-1.webp 400w, https:\/\/www.ivoox.com\/blog\/wp-content\/uploads\/2025\/06\/los-mejores-podcasts-de-radio-marca-la-tribu-1-300x300.webp 300w, https:\/\/www.ivoox.com\/blog\/wp-content\/uploads\/2025\/06\/los-mejores-podcasts-de-radio-marca-la-tribu-1-150x150.webp 150w\" sizes=\"auto, (max-width: 400px) 100vw, 400px\" \/><\/a><\/figure><\/div>\n\n\n\n<p>Desde temprano, Ra\u00fal Varela te informa de todo lo importante del deporte, con La Tribu como lo m\u00e1s destacado. <em>A Diario<\/em> repasa las claves del d\u00eda, se analizan los temas m\u00e1s relevantes y se entrevista a protagonistas del deporte. Si quieres empezar el d\u00eda bien informado, \u00a1dale al play!<br><strong><em><a href=\"https:\/\/www.ivoox.com\/podcast-a-diario_sq_f1373145_1.html?utm_source=post_escucha&#038;utm_medium=web&#038;utm_content=podcast&#038;utm_campaign=blog&#038;utm_term=podcasts-radio-marca\" target=\"_blank\" rel=\"noreferrer noopener\">Escucha A Diario gratis en iVoox<\/a><\/em><\/strong><\/p>\n\n\n\n<h3 class=\"wp-block-heading\" id=\"sin-ataduras-con-pedro-morata\"><span class=\"ez-toc-section\" id=\"Sin_Ataduras_con_Pedro_Morata\"><\/span><strong><a href=\"https:\/\/www.ivoox.com\/podcast-sin-ataduras-pedro-morata_sq_f11946754_1.html?utm_source=post_h3&#038;utm_medium=web&#038;utm_content=podcast&#038;utm_campaign=blog&#038;utm_term=podcasts-radio-marca\" target=\"_blank\" rel=\"noreferrer noopener\">Sin Ataduras con Pedro Morata<\/a><\/strong><span class=\"ez-toc-section-end\"><\/span><\/h3>\n\n\n\n<div class=\"wp-block-image\"><figure class=\"aligncenter size-full\"><a href=\"https:\/\/www.ivoox.com\/podcast-sin-ataduras-pedro-morata_sq_f11946754_1.html?utm_source=post_img&#038;utm_medium=web&#038;utm_content=podcast&#038;utm_campaign=blog&#038;utm_term=podcasts-radio-marca\" target=\"_blank\" rel=\"noopener\"><img loading=\"lazy\" decoding=\"async\" width=\"400\" height=\"400\" src=\"https:\/\/www.ivoox.com\/blog\/wp-content\/uploads\/2025\/06\/los-mejores-podcasts-de-radio-marca-sin-ataduras-con-pedro-morata.webp\" alt=\"Sin Ataduras con Pedro Morata\" class=\"wp-image-89822\" srcset=\"https:\/\/www.ivoox.com\/blog\/wp-content\/uploads\/2025\/06\/los-mejores-podcasts-de-radio-marca-sin-ataduras-con-pedro-morata.webp 400w, https:\/\/www.ivoox.com\/blog\/wp-content\/uploads\/2025\/06\/los-mejores-podcasts-de-radio-marca-sin-ataduras-con-pedro-morata-300x300.webp 300w, https:\/\/www.ivoox.com\/blog\/wp-content\/uploads\/2025\/06\/los-mejores-podcasts-de-radio-marca-sin-ataduras-con-pedro-morata-150x150.webp 150w\" sizes=\"auto, (max-width: 400px) 100vw, 400px\" \/><\/a><\/figure><\/div>\n\n\n\n<p>\u00bfBuscas un podcast de deportes que te mantenga al d\u00eda sin rodeos? Entonces <em>Sin Ataduras<\/em> es para ti. Dirigido por el periodista Pedro Morata, este espacio de an\u00e1lisis deportivo cubre la actualidad del deporte valenciano y nacional, especialmente f\u00fatbol, y ofrece debates en profundidad. Desde los an\u00e1lisis de los \u00faltimos partidos y decisiones deportivas, hasta el mercado de fichajes y la actualidad institucional, aqu\u00ed la informaci\u00f3n se trata con criterio y sin filtros.<br><strong><em><a href=\"https:\/\/www.ivoox.com\/podcast-sin-ataduras-pedro-morata_sq_f11946754_1.html?utm_source=post_escucha&#038;utm_medium=web&#038;utm_content=podcast&#038;utm_campaign=blog&#038;utm_term=podcasts-radio-marca\" target=\"_blank\" rel=\"noreferrer noopener\">Escucha Sin Ataduras con Pedro Morata gratis en iVoox<\/a><\/em><\/strong><\/p>\n\n\n\n<h3 class=\"wp-block-heading\" id=\"buenas-noches-y-buenos-goles\"><span class=\"ez-toc-section\" id=\"Buenas_noches_y_Buenos_goles\"><\/span><strong><a href=\"https:\/\/www.ivoox.com\/podcast-futbolin_sq_f12444744_1.html?utm_source=post_h3&#038;utm_medium=web&#038;utm_content=podcast&#038;utm_campaign=blog&#038;utm_term=podcasts-radio-marca\" target=\"_blank\" rel=\"noreferrer noopener\">Buenas noches y Buenos goles<\/a><\/strong><span class=\"ez-toc-section-end\"><\/span><\/h3>\n\n\n\n<div class=\"wp-block-image\"><figure class=\"aligncenter size-full\"><a href=\"https:\/\/www.ivoox.com\/podcast-futbolin_sq_f12444744_1.html?utm_source=post_img&#038;utm_medium=web&#038;utm_content=podcast&#038;utm_campaign=blog&#038;utm_term=podcasts-radio-marca\" target=\"_blank\" rel=\"noopener\"><img loading=\"lazy\" decoding=\"async\" width=\"400\" height=\"400\" src=\"https:\/\/www.ivoox.com\/blog\/wp-content\/uploads\/2025\/06\/los-mejores-podcasts-de-radio-marca-buenas-noches-y-buenos-goles.webp\" alt=\"Los mejores podcasts de Radio Marca - Buenas noches y Buenos goles\" class=\"wp-image-89823\" srcset=\"https:\/\/www.ivoox.com\/blog\/wp-content\/uploads\/2025\/06\/los-mejores-podcasts-de-radio-marca-buenas-noches-y-buenos-goles.webp 400w, https:\/\/www.ivoox.com\/blog\/wp-content\/uploads\/2025\/06\/los-mejores-podcasts-de-radio-marca-buenas-noches-y-buenos-goles-300x300.webp 300w, https:\/\/www.ivoox.com\/blog\/wp-content\/uploads\/2025\/06\/los-mejores-podcasts-de-radio-marca-buenas-noches-y-buenos-goles-150x150.webp 150w\" sizes=\"auto, (max-width: 400px) 100vw, 400px\" \/><\/a><\/figure><\/div>\n\n\n\n<p>Si eres de los que laten al ritmo del bal\u00f3n y quieren entenderlo a fondo, <em>Buenas noches y Buenos goles<\/em> es tu podcast. En sus programas, el periodista Felipe del Campo repasa cada noche lo mejor del deporte con an\u00e1lisis, entrevistas y debates. Aqu\u00ed no hay titulares vac\u00edos ni tertulias sin rumbo: solo informaci\u00f3n clara, opiniones con criterio y un enfoque serio pero cercano. \u00a1No te lo puedes perder!<br><strong><em><a href=\"https:\/\/www.ivoox.com\/podcast-futbolin_sq_f12444744_1.html?utm_source=post_escucha&#038;utm_medium=web&#038;utm_content=podcast&#038;utm_campaign=blog&#038;utm_term=podcasts-radio-marca\" target=\"_blank\" rel=\"noreferrer noopener\">Escucha Buenas noches y Buenos goles gratis en iVoox<\/a><\/em><\/strong><\/p>\n\n\n\n<h3 class=\"wp-block-heading\" id=\"marca-coches\"><span class=\"ez-toc-section\" id=\"MARCA_Coches\"><\/span><strong><a href=\"https:\/\/www.ivoox.com\/podcast-marca-coches_sq_f1380973_1.html?utm_source=post_h3&#038;utm_medium=web&#038;utm_content=podcast&#038;utm_campaign=blog&#038;utm_term=podcasts-radio-marca\" target=\"_blank\" rel=\"noreferrer noopener\">MARCA Coches<\/a><\/strong><span class=\"ez-toc-section-end\"><\/span><\/h3>\n\n\n\n<div class=\"wp-block-image\"><figure class=\"aligncenter size-full\"><a href=\"https:\/\/www.ivoox.com\/podcast-marca-coches_sq_f1380973_1.html?utm_source=post_img&#038;utm_medium=web&#038;utm_content=podcast&#038;utm_campaign=blog&#038;utm_term=podcasts-radio-marca\" target=\"_blank\" rel=\"noopener\"><img loading=\"lazy\" decoding=\"async\" width=\"400\" height=\"400\" src=\"https:\/\/www.ivoox.com\/blog\/wp-content\/uploads\/2025\/07\/los-mejores-podacasts-de-radio-marca-marca-coches.webp\" alt=\"MARCA Coches\" class=\"wp-image-89884\" srcset=\"https:\/\/www.ivoox.com\/blog\/wp-content\/uploads\/2025\/07\/los-mejores-podacasts-de-radio-marca-marca-coches.webp 400w, https:\/\/www.ivoox.com\/blog\/wp-content\/uploads\/2025\/07\/los-mejores-podacasts-de-radio-marca-marca-coches-300x300.webp 300w, https:\/\/www.ivoox.com\/blog\/wp-content\/uploads\/2025\/07\/los-mejores-podacasts-de-radio-marca-marca-coches-150x150.webp 150w\" sizes=\"auto, (max-width: 400px) 100vw, 400px\" \/><\/a><\/figure><\/div>\n\n\n\n<p>\u00bfTe apasionan los coches y quieres estar al d\u00eda con todo lo que pasa en el mundo del motor?<strong> <\/strong><em>Marca Coches<\/em> es el podcast que repasa las principales novedades del sector. Desde nuevos modelos, cifras de ventas y consejos para conductores, hasta un consultorio donde los oyentes pueden resolver sus dudas. Presentado por \u00c1lvaro Mongil y Francis Fern\u00e1ndez, es un espacio pensado para disfrutar de la actualidad automovil\u00edstica con informaci\u00f3n \u00fatil, an\u00e1lisis y una buena dosis de pasi\u00f3n por las cuatro ruedas ?<br><strong><em><a href=\"https:\/\/www.ivoox.com\/podcast-marca-coches_sq_f1380973_1.html?utm_source=post_escucha&#038;utm_medium=web&#038;utm_content=podcast&#038;utm_campaign=blog&#038;utm_term=podcasts-radio-marca\" target=\"_blank\" rel=\"noreferrer noopener\">Escucha MARCA Coches gratis en iVoox<\/a><\/em><\/strong><\/p>\n\n\n\n<h3 class=\"wp-block-heading\" id=\"la-libreta-en-radio-marca\"><span class=\"ez-toc-section\" id=\"La_Libreta_en_Radio_MARCA\"><\/span><strong><a href=\"https:\/\/www.ivoox.com\/podcast-libreta-radio-marca_sq_f11152198_1.html?utm_source=post_h3&#038;utm_medium=web&#038;utm_content=podcast&#038;utm_campaign=blog&#038;utm_term=podcasts-radio-marca\" target=\"_blank\" rel=\"noreferrer noopener\">La Libreta en Radio MARCA<\/a><\/strong><span class=\"ez-toc-section-end\"><\/span><\/h3>\n\n\n\n<div class=\"wp-block-image\"><figure class=\"aligncenter size-full\"><a href=\"https:\/\/www.ivoox.com\/podcast-libreta-radio-marca_sq_f11152198_1.html?utm_source=post_img&#038;utm_medium=web&#038;utm_content=podcast&#038;utm_campaign=blog&#038;utm_term=podcasts-radio-marca\" target=\"_blank\" rel=\"noopener\"><img loading=\"lazy\" decoding=\"async\" width=\"400\" height=\"400\" src=\"https:\/\/www.ivoox.com\/blog\/wp-content\/uploads\/2025\/07\/los-mejores-podcasts-de-radio-marca-la-libreta.webp\" alt=\"Los mejores podcasts de Radio Marca - La Libreta en Radio Marca\" class=\"wp-image-89885\" srcset=\"https:\/\/www.ivoox.com\/blog\/wp-content\/uploads\/2025\/07\/los-mejores-podcasts-de-radio-marca-la-libreta.webp 400w, https:\/\/www.ivoox.com\/blog\/wp-content\/uploads\/2025\/07\/los-mejores-podcasts-de-radio-marca-la-libreta-300x300.webp 300w, https:\/\/www.ivoox.com\/blog\/wp-content\/uploads\/2025\/07\/los-mejores-podcasts-de-radio-marca-la-libreta-150x150.webp 150w\" sizes=\"auto, (max-width: 400px) 100vw, 400px\" \/><\/a><\/figure><\/div>\n\n\n\n<p><em>La Libreta<\/em> es el podcast perfecto para escuchar el deporte desde un \u00e1ngulo cr\u00edtico hacia la prensa deportiva. Conducido por Miguel Guti\u00e9rrez, este espacio se emite los lunes dentro del programa <em>A Diario <\/em>y disecciona con iron\u00eda y humor la forma en que los medios cubren el deporte \u2014desde titulares sensacionalistas hasta chiringuitos medi\u00e1ticos\u2014, poniendo en evidencia los excesos, errores y contradicciones del periodismo deportivo actual. Si quieres entender no solo lo que pasa en el deporte, sino tambi\u00e9n c\u00f3mo se cuenta, \u00a1este es tu sitio!<br><strong><em><a href=\"https:\/\/www.ivoox.com\/podcast-libreta-radio-marca_sq_f11152198_1.html?utm_source=post_escucha&#038;utm_medium=web&#038;utm_content=podcast&#038;utm_campaign=blog&#038;utm_term=podcasts-radio-marca\" target=\"_blank\" rel=\"noreferrer noopener\">Escucha La Libreta en Radio MARCA gratis en iVoox<\/a><\/em><\/strong><\/p>\n\n\n\n<h3 class=\"wp-block-heading\" id=\"seriadictos\"><span class=\"ez-toc-section\" id=\"Seriadictos\"><\/span><strong><a href=\"https:\/\/www.ivoox.com\/podcast-seriadictos_sq_f1687151_1.html?utm_source=post_h3&#038;utm_medium=web&#038;utm_content=podcast&#038;utm_campaign=blog&#038;utm_term=podcasts-radio-marca\" target=\"_blank\" rel=\"noreferrer noopener\">Seriadictos<\/a><\/strong><span class=\"ez-toc-section-end\"><\/span><\/h3>\n\n\n\n<div class=\"wp-block-image\"><figure class=\"aligncenter size-full\"><a href=\"https:\/\/www.ivoox.com\/podcast-seriadictos_sq_f1687151_1.html?utm_source=post_img&#038;utm_medium=web&#038;utm_content=podcast&#038;utm_campaign=blog&#038;utm_term=podcasts-radio-marca\" target=\"_blank\" rel=\"noopener\"><img loading=\"lazy\" decoding=\"async\" width=\"400\" height=\"400\" src=\"https:\/\/www.ivoox.com\/blog\/wp-content\/uploads\/2025\/07\/los-mejores-podcasts-de-radio-marca-serieadictos.webp\" alt=\"Seriadictos\" class=\"wp-image-89886\" srcset=\"https:\/\/www.ivoox.com\/blog\/wp-content\/uploads\/2025\/07\/los-mejores-podcasts-de-radio-marca-serieadictos.webp 400w, https:\/\/www.ivoox.com\/blog\/wp-content\/uploads\/2025\/07\/los-mejores-podcasts-de-radio-marca-serieadictos-300x300.webp 300w, https:\/\/www.ivoox.com\/blog\/wp-content\/uploads\/2025\/07\/los-mejores-podcasts-de-radio-marca-serieadictos-150x150.webp 150w\" sizes=\"auto, (max-width: 400px) 100vw, 400px\" \/><\/a><\/figure><\/div>\n\n\n\n<p>The Last of Us, Black Mirror, Severance\u2026 Si eres un amante de las series y quieres estar al d\u00eda con los estrenos, novedades y noticias m\u00e1s destacadas, este es tu <a href=\"https:\/\/www.ivoox.com\/blog\/los-mejores-podcasts-de-series\/\">podcast de series<\/a>. Conducido por Marc Vila, este magazine ofrece un an\u00e1lisis detallado de las principales series en emisi\u00f3n, acompa\u00f1ados de invitados especiales que aportan su visi\u00f3n sobre la ficci\u00f3n del momento. \u00a1Sum\u00e9rgete en <em>Seriadictos<\/em> y alimenta tu pasi\u00f3n por las mejores historias del mundo audiovisual! ?<br><strong><em><a href=\"https:\/\/www.ivoox.com\/podcast-seriadictos_sq_f1687151_1.html?utm_source=post_escucha&#038;utm_medium=web&#038;utm_content=podcast&#038;utm_campaign=blog&#038;utm_term=podcasts-radio-marca\" target=\"_blank\" rel=\"noreferrer noopener\">Escucha Seriadictos gratis en iVoox<\/a><\/em><\/strong><\/p>\n\n\n\n<h2 class=\"wp-block-heading\" id=\"preguntas-frecuentes\"><span class=\"ez-toc-section\" id=\"Preguntas_frecuentes\"><\/span>Preguntas frecuentes<span class=\"ez-toc-section-end\"><\/span><\/h2>\n\n\n\n<div class=\"schema-faq wp-block-yoast-faq-block\"><div class=\"schema-faq-section\" id=\"faq-question-1751021599047\"><strong class=\"schema-faq-question\"><strong>\u00bfD\u00f3nde puedo encontrar podcasts de Radio Marca?<\/strong><\/strong> <p class=\"schema-faq-answer\">Podr\u00e1s escuchar<strong> <\/strong>los podcasts de Radio Marca<strong> <\/strong>gratis desde la <a href=\"https:\/\/www.ivoox.com\/_ik_descarga-app_1.html?utm_source=post_btn_descargarapp&#038;utm_medium=web&#038;utm_content=descargar_app&#038;utm_campaign=blog&#038;utm_term=podcasts-radio-marca\" target=\"_blank\" rel=\"noreferrer noopener\">app de iVoox<\/a>, as\u00ed como tambi\u00e9n desde la web de <a href=\"https:\/\/www.marca.com\/radio\/programas.html\" target=\"_blank\" rel=\"noreferrer noopener\">Radio Marca<\/a>.<br\/><br\/>\u00bfQuieres m\u00e1s? No te pierdas esta selecci\u00f3n con <a href=\"https:\/\/www.ivoox.com\/blog\/las-radios-mas-escuchadas-en-espana\/\">las radios m\u00e1s escuchadas en Espa\u00f1a<\/a>.<\/p> <\/div> <div class=\"schema-faq-section\" id=\"faq-question-1751021615604\"><strong class=\"schema-faq-question\"><strong>\u00bfCu\u00e1les son los mejores podcasts de Radio Marca?<\/strong><\/strong> <p class=\"schema-faq-answer\">\u2013 <a href=\"https:\/\/www.ivoox.com\/podcast-despierta-san-francisco_sq_f11049889_1.html?utm_source=post&#038;utm_medium=web&#038;utm_content=podcast&#038;utm_campaign=blog&#038;utm_term=podcasts-radio-marca\" target=\"_blank\" rel=\"noreferrer noopener\">Despierta San Francisco<\/a><br\/>\u2013 <a href=\"https:\/\/www.ivoox.com\/podcast-tribu_sq_f11152206_1.html?utm_source=post&#038;utm_medium=web&#038;utm_content=podcast&#038;utm_campaign=blog&#038;utm_term=podcasts-radio-marca\" target=\"_blank\" rel=\"noreferrer noopener\">La Tribu<\/a><br\/>\u2013 <a href=\"https:\/\/www.ivoox.com\/podcast-pizarra-quintana_sq_f11348763_1.html?utm_source=post&#038;utm_medium=web&#038;utm_content=podcast&#038;utm_campaign=blog&#038;utm_term=podcasts-radio-marca\" target=\"_blank\" rel=\"noreferrer noopener\">La Pizarra de Quintana<\/a><br\/>\u2013 <a href=\"https:\/\/www.ivoox.com\/podcast-ingravidos_sq_f1614382_1.html?utm_source=post&#038;utm_medium=web&#038;utm_content=podcast&#038;utm_campaign=blog&#038;utm_term=podcasts-radio-marca\" target=\"_blank\" rel=\"noreferrer noopener\">Ingr\u00c1vidos<\/a><br\/>\u2013 <a href=\"https:\/\/www.ivoox.com\/podcast-a-diario_sq_f1373145_1.html?utm_source=post&#038;utm_medium=web&#038;utm_content=podcast&#038;utm_campaign=blog&#038;utm_term=podcasts-radio-marca\" target=\"_blank\" rel=\"noreferrer noopener\">A Diario<\/a><br\/>\u2013 <a href=\"https:\/\/www.ivoox.com\/podcast-sin-ataduras-pedro-morata_sq_f11946754_1.html?utm_source=post&#038;utm_medium=web&#038;utm_content=podcast&#038;utm_campaign=blog&#038;utm_term=podcasts-radio-marca\" target=\"_blank\" rel=\"noreferrer noopener\">Sin Ataduras con Pedro Morata<\/a><br\/>\u2013 <a href=\"https:\/\/www.ivoox.com\/podcast-futbolin_sq_f12444744_1.html?utm_source=post&#038;utm_medium=web&#038;utm_content=podcast&#038;utm_campaign=blog&#038;utm_term=podcasts-radio-marca\" target=\"_blank\" rel=\"noreferrer noopener\">Buenas noches y Buenos goles<\/a><br\/>\u2013 <a href=\"https:\/\/www.ivoox.com\/podcast-marca-coches_sq_f1380973_1.html?utm_source=post&#038;utm_medium=web&#038;utm_content=podcast&#038;utm_campaign=blog&#038;utm_term=podcasts-radio-marca\" target=\"_blank\" rel=\"noreferrer noopener\">MARCA Coches<\/a><br\/>\u2013 <a href=\"https:\/\/www.ivoox.com\/podcast-libreta-radio-marca_sq_f11152198_1.html?utm_source=post&#038;utm_medium=web&#038;utm_content=podcast&#038;utm_campaign=blog&#038;utm_term=podcasts-radio-marca\" target=\"_blank\" rel=\"noreferrer noopener\">La Libreta en Radio MARCA<\/a><br\/>\u2013 <a href=\"https:\/\/www.ivoox.com\/podcast-seriadictos_sq_f1687151_1.html?utm_source=post&#038;utm_medium=web&#038;utm_content=podcast&#038;utm_campaign=blog&#038;utm_term=podcasts-radio-marca\" target=\"_blank\" rel=\"noreferrer noopener\">Seriadictos<\/a><\/p> <\/div> <\/div>\n<\/div><div class=\"ivoox-post-banners\">\n<div class=\"banner-card\">\n\t<img src=\"https:\/\/www.ivoox.com\/blog\/wp-content\/themes\/ivoox-theme\/assets\/images\/banner-ivoox-app-r25.jpg\" alt=\"Descarga la app\" width=\"325\" height=\"260\" class=\"banner-image\">\n\t<div class=\"banner-content\">\n\t\t<h3>\n\t\t\tDescarga gratis la <span>app de iVoox<\/span>\n\t\t<\/h3>\n\t\t<p>\n\t\t\tEscucha cuando y donde quieras tus podcasts, radios y audiolibros favoritos.\n\t\t<\/p>\n\t\t<a href=\"https:\/\/www.ivoox.com\/_ik_descarga-app_1.html?utm_source%3Dbanner%26utm_medium%3Dweb%26utm_content%3Ddescargar_app%26utm_campaign%3Dblog\" target=\"blank\" class=\"btn\">Descargar gratis<\/a>\t<\/div>\n<\/div>\n<\/div><\/div>","protected":false},"excerpt":{"rendered":"<p>Despierta San Francisco, La Tribu, Ingr\u00c1vidos&#8230; Los mejores podcasts de Radio Marca te esperan. \u00a1Descubre cu\u00e1les son!<\/p>\n","protected":false},"author":21,"featured_media":89821,"comment_status":"open","ping_status":"closed","sticky":false,"template":"","format":"standard","meta":{"footnotes":""},"categories":[3],"tags":[],"class_list":["post-89815","post","type-post","status-publish","format-standard","has-post-thumbnail","hentry","category-los-mejores-podcasts","entry"],"yoast_head":"<!-- This site is optimized with the Yoast SEO plugin v26.8 - https:\/\/yoast.com\/product\/yoast-seo-wordpress\/ -->\n<title>Los mejores podcasts de Radio Marca (2026) - iVoox Blog<\/title>\n<meta name=\"description\" content=\"Despierta San Francisco, La Tribu, Ingr\u00c1vidos... \u00a1Descubre los mejores podcasts de Radio Marca y esc\u00fachalos gratis en iVoox! \ud83d\udca5\" \/>\n<meta name=\"robots\" content=\"index, follow, max-snippet:-1, max-image-preview:large, max-video-preview:-1\" \/>\n<link rel=\"canonical\" href=\"https:\/\/www.ivoox.com\/blog\/podcasts-radio-marca\/\" \/>\n<meta property=\"og:locale\" content=\"es_ES\" \/>\n<meta property=\"og:type\" content=\"article\" \/>\n<meta property=\"og:title\" content=\"Los mejores podcasts de Radio Marca (2026) - iVoox Blog\" \/>\n<meta property=\"og:description\" content=\"Despierta San Francisco, La Tribu, Ingr\u00c1vidos... \u00a1Descubre los mejores podcasts de Radio Marca y esc\u00fachalos gratis en iVoox! \ud83d\udca5\" \/>\n<meta property=\"og:url\" content=\"https:\/\/www.ivoox.com\/blog\/podcasts-radio-marca\/\" \/>\n<meta property=\"og:site_name\" content=\"iVoox Blog\" \/>\n<meta property=\"article:published_time\" content=\"2025-07-07T06:00:00+00:00\" \/>\n<meta property=\"article:modified_time\" content=\"2025-12-03T06:29:10+00:00\" \/>\n<meta property=\"og:image\" content=\"https:\/\/www.ivoox.com\/blog\/wp-content\/uploads\/2025\/06\/podcasts-radio-marca.webp\" \/>\n\t<meta property=\"og:image:width\" content=\"1200\" \/>\n\t<meta property=\"og:image:height\" content=\"675\" \/>\n\t<meta property=\"og:image:type\" content=\"image\/webp\" \/>\n<meta name=\"author\" content=\"Carlota Carre\u00f1o\" \/>\n<meta name=\"twitter:card\" content=\"summary_large_image\" \/>\n<meta name=\"twitter:label1\" content=\"Escrito por\" \/>\n\t<meta name=\"twitter:data1\" content=\"Carlota Carre\u00f1o\" \/>\n\t<meta name=\"twitter:label2\" content=\"Tiempo de lectura\" \/>\n\t<meta name=\"twitter:data2\" content=\"7 minutos\" \/>\n<!-- \/ Yoast SEO plugin. -->","yoast_head_json":{"title":"Los mejores podcasts de Radio Marca (2026) - iVoox Blog","description":"Despierta San Francisco, La Tribu, Ingr\u00c1vidos... \u00a1Descubre los mejores podcasts de Radio Marca y esc\u00fachalos gratis en iVoox! \ud83d\udca5","robots":{"index":"index","follow":"follow","max-snippet":"max-snippet:-1","max-image-preview":"max-image-preview:large","max-video-preview":"max-video-preview:-1"},"canonical":"https:\/\/www.ivoox.com\/blog\/podcasts-radio-marca\/","og_locale":"es_ES","og_type":"article","og_title":"Los mejores podcasts de Radio Marca (2026) - iVoox Blog","og_description":"Despierta San Francisco, La Tribu, Ingr\u00c1vidos... \u00a1Descubre los mejores podcasts de Radio Marca y esc\u00fachalos gratis en iVoox! \ud83d\udca5","og_url":"https:\/\/www.ivoox.com\/blog\/podcasts-radio-marca\/","og_site_name":"iVoox Blog","article_published_time":"2025-07-07T06:00:00+00:00","article_modified_time":"2025-12-03T06:29:10+00:00","og_image":[{"width":1200,"height":675,"url":"https:\/\/www.ivoox.com\/blog\/wp-content\/uploads\/2025\/06\/podcasts-radio-marca.webp","type":"image\/webp"}],"author":"Carlota Carre\u00f1o","twitter_card":"summary_large_image","twitter_misc":{"Escrito por":"Carlota Carre\u00f1o","Tiempo de lectura":"7 minutos"},"schema":{"@context":"https:\/\/schema.org","@graph":[{"@type":"NewsArticle","@id":"https:\/\/www.ivoox.com\/blog\/podcasts-radio-marca\/#article","isPartOf":{"@id":"https:\/\/www.ivoox.com\/blog\/podcasts-radio-marca\/"},"author":{"name":"Carlota Carre\u00f1o","@id":"https:\/\/www.ivoox.com\/blog\/#\/schema\/person\/151b82a5e305da6cea5eea1bbab53d93"},"headline":"Los mejores podcasts de Radio Marca ({year})","datePublished":"2025-07-07T06:00:00+00:00","dateModified":"2025-12-03T06:29:10+00:00","mainEntityOfPage":{"@id":"https:\/\/www.ivoox.com\/blog\/podcasts-radio-marca\/"},"wordCount":1052,"commentCount":0,"publisher":{"@id":"https:\/\/www.ivoox.com\/blog\/#organization"},"image":{"@id":"https:\/\/www.ivoox.com\/blog\/podcasts-radio-marca\/#primaryimage"},"thumbnailUrl":"https:\/\/www.ivoox.com\/blog\/wp-content\/uploads\/2025\/06\/podcasts-radio-marca.webp","articleSection":["Los mejores podcasts"],"inLanguage":"es","potentialAction":[{"@type":"CommentAction","name":"Comment","target":["https:\/\/www.ivoox.com\/blog\/podcasts-radio-marca\/#respond"]}]},{"@type":["WebPage","ItemPage","FAQPage"],"@id":"https:\/\/www.ivoox.com\/blog\/podcasts-radio-marca\/","url":"https:\/\/www.ivoox.com\/blog\/podcasts-radio-marca\/","name":"Los mejores podcasts de Radio Marca ({year}) - iVoox Blog","isPartOf":{"@id":"https:\/\/www.ivoox.com\/blog\/#website"},"primaryImageOfPage":{"@id":"https:\/\/www.ivoox.com\/blog\/podcasts-radio-marca\/#primaryimage"},"image":{"@id":"https:\/\/www.ivoox.com\/blog\/podcasts-radio-marca\/#primaryimage"},"thumbnailUrl":"https:\/\/www.ivoox.com\/blog\/wp-content\/uploads\/2025\/06\/podcasts-radio-marca.webp","datePublished":"2025-07-07T06:00:00+00:00","dateModified":"2025-12-03T06:29:10+00:00","description":"Despierta San Francisco, La Tribu, Ingr\u00c1vidos... \u00a1Descubre los mejores podcasts de Radio Marca y esc\u00fachalos gratis en iVoox! \ud83d\udca5","breadcrumb":{"@id":"https:\/\/www.ivoox.com\/blog\/podcasts-radio-marca\/#breadcrumb"},"mainEntity":[{"@id":"https:\/\/www.ivoox.com\/blog\/podcasts-radio-marca\/#faq-question-1751021599047"},{"@id":"https:\/\/www.ivoox.com\/blog\/podcasts-radio-marca\/#faq-question-1751021615604"}],"inLanguage":"es","potentialAction":[{"@type":"ReadAction","target":["https:\/\/www.ivoox.com\/blog\/podcasts-radio-marca\/"]}]},{"@type":"ImageObject","inLanguage":"es","@id":"https:\/\/www.ivoox.com\/blog\/podcasts-radio-marca\/#primaryimage","url":"https:\/\/www.ivoox.com\/blog\/wp-content\/uploads\/2025\/06\/podcasts-radio-marca.webp","contentUrl":"https:\/\/www.ivoox.com\/blog\/wp-content\/uploads\/2025\/06\/podcasts-radio-marca.webp","width":1200,"height":675,"caption":"Los mejores podcasts de Radio Marca"},{"@type":"BreadcrumbList","@id":"https:\/\/www.ivoox.com\/blog\/podcasts-radio-marca\/#breadcrumb","itemListElement":[{"@type":"ListItem","position":1,"name":"Home","item":"https:\/\/www.ivoox.com\/blog\/"},{"@type":"ListItem","position":2,"name":"Los mejores podcasts de Radio Marca ({year})"}]},{"@type":"WebSite","@id":"https:\/\/www.ivoox.com\/blog\/#website","url":"https:\/\/www.ivoox.com\/blog\/","name":"iVoox Blog","description":"\u00daltimas noticias de iVoox","publisher":{"@id":"https:\/\/www.ivoox.com\/blog\/#organization"},"potentialAction":[{"@type":"SearchAction","target":{"@type":"EntryPoint","urlTemplate":"https:\/\/www.ivoox.com\/blog\/?s={search_term_string}"},"query-input":{"@type":"PropertyValueSpecification","valueRequired":true,"valueName":"search_term_string"}}],"inLanguage":"es"},{"@type":"Organization","@id":"https:\/\/www.ivoox.com\/blog\/#organization","name":"iVoox Blog","url":"https:\/\/www.ivoox.com\/blog\/","logo":{"@type":"ImageObject","inLanguage":"es","@id":"https:\/\/www.ivoox.com\/blog\/#\/schema\/logo\/image\/","url":"https:\/\/www.ivoox.com\/blog\/wp-content\/uploads\/2022\/02\/1x1.png","contentUrl":"https:\/\/www.ivoox.com\/blog\/wp-content\/uploads\/2022\/02\/1x1.png","width":1,"height":1,"caption":"iVoox Blog"},"image":{"@id":"https:\/\/www.ivoox.com\/blog\/#\/schema\/logo\/image\/"}},{"@type":"Person","@id":"https:\/\/www.ivoox.com\/blog\/#\/schema\/person\/151b82a5e305da6cea5eea1bbab53d93","name":"Carlota Carre\u00f1o","image":{"@type":"ImageObject","inLanguage":"es","@id":"https:\/\/www.ivoox.com\/blog\/#\/schema\/person\/image\/","url":"https:\/\/secure.gravatar.com\/avatar\/98b422e3eb8896223b9c5ffae25b93408fa3dc4910410ac74115353026b9a7f4?s=96&d=mm&r=g","contentUrl":"https:\/\/secure.gravatar.com\/avatar\/98b422e3eb8896223b9c5ffae25b93408fa3dc4910410ac74115353026b9a7f4?s=96&d=mm&r=g","caption":"Carlota Carre\u00f1o"},"description":"Ayudando en el equipo de Marketing y Contenidos de iVoox.","url":"https:\/\/www.ivoox.com\/blog\/author\/carlota-carreno\/"},{"@type":"Question","@id":"https:\/\/www.ivoox.com\/blog\/podcasts-radio-marca\/#faq-question-1751021599047","position":1,"url":"https:\/\/www.ivoox.com\/blog\/podcasts-radio-marca\/#faq-question-1751021599047","name":"\u00bfD\u00f3nde puedo encontrar podcasts de Radio Marca?","answerCount":1,"acceptedAnswer":{"@type":"Answer","text":"Podr\u00e1s escuchar<strong> <\/strong>los podcasts de Radio Marca<strong> <\/strong>gratis desde la <a href=\"https:\/\/www.ivoox.com\/_ik_descarga-app_1.html?utm_source=post_btn_descargarapp&amp;utm_medium=web&amp;utm_content=descargar_app&amp;utm_campaign=blog&amp;utm_term=podcasts-radio-marca\" target=\"_blank\" rel=\"noreferrer noopener\">app de iVoox<\/a>, as\u00ed como tambi\u00e9n desde la web de <a href=\"https:\/\/www.marca.com\/radio\/programas.html\" target=\"_blank\" rel=\"noreferrer noopener\">Radio Marca<\/a>.<br\/><br\/>\u00bfQuieres m\u00e1s? No te pierdas esta selecci\u00f3n con <a href=\"https:\/\/www.ivoox.com\/blog\/las-radios-mas-escuchadas-en-espana\/\">las radios m\u00e1s escuchadas en Espa\u00f1a<\/a>.","inLanguage":"es"},"inLanguage":"es"},{"@type":"Question","@id":"https:\/\/www.ivoox.com\/blog\/podcasts-radio-marca\/#faq-question-1751021615604","position":2,"url":"https:\/\/www.ivoox.com\/blog\/podcasts-radio-marca\/#faq-question-1751021615604","name":"\u00bfCu\u00e1les son los mejores podcasts de Radio Marca?","answerCount":1,"acceptedAnswer":{"@type":"Answer","text":"\u2013 <a href=\"https:\/\/www.ivoox.com\/podcast-despierta-san-francisco_sq_f11049889_1.html?utm_source=post&amp;utm_medium=web&amp;utm_content=podcast&amp;utm_campaign=blog&amp;utm_term=podcasts-radio-marca\" target=\"_blank\" rel=\"noreferrer noopener\">Despierta San Francisco<\/a><br\/>\u2013 <a href=\"https:\/\/www.ivoox.com\/podcast-tribu_sq_f11152206_1.html?utm_source=post&amp;utm_medium=web&amp;utm_content=podcast&amp;utm_campaign=blog&amp;utm_term=podcasts-radio-marca\" target=\"_blank\" rel=\"noreferrer noopener\">La Tribu<\/a><br\/>\u2013 <a href=\"https:\/\/www.ivoox.com\/podcast-pizarra-quintana_sq_f11348763_1.html?utm_source=post&amp;utm_medium=web&amp;utm_content=podcast&amp;utm_campaign=blog&amp;utm_term=podcasts-radio-marca\" target=\"_blank\" rel=\"noreferrer noopener\">La Pizarra de Quintana<\/a><br\/>\u2013 <a href=\"https:\/\/www.ivoox.com\/podcast-ingravidos_sq_f1614382_1.html?utm_source=post&amp;utm_medium=web&amp;utm_content=podcast&amp;utm_campaign=blog&amp;utm_term=podcasts-radio-marca\" target=\"_blank\" rel=\"noreferrer noopener\">Ingr\u00c1vidos<\/a><br\/>\u2013 <a href=\"https:\/\/www.ivoox.com\/podcast-a-diario_sq_f1373145_1.html?utm_source=post&amp;utm_medium=web&amp;utm_content=podcast&amp;utm_campaign=blog&amp;utm_term=podcasts-radio-marca\" target=\"_blank\" rel=\"noreferrer noopener\">A Diario<\/a><br\/>\u2013 <a href=\"https:\/\/www.ivoox.com\/podcast-sin-ataduras-pedro-morata_sq_f11946754_1.html?utm_source=post&amp;utm_medium=web&amp;utm_content=podcast&amp;utm_campaign=blog&amp;utm_term=podcasts-radio-marca\" target=\"_blank\" rel=\"noreferrer noopener\">Sin Ataduras con Pedro Morata<\/a><br\/>\u2013 <a href=\"https:\/\/www.ivoox.com\/podcast-futbolin_sq_f12444744_1.html?utm_source=post&amp;utm_medium=web&amp;utm_content=podcast&amp;utm_campaign=blog&amp;utm_term=podcasts-radio-marca\" target=\"_blank\" rel=\"noreferrer noopener\">Buenas noches y Buenos goles<\/a><br\/>\u2013 <a href=\"https:\/\/www.ivoox.com\/podcast-marca-coches_sq_f1380973_1.html?utm_source=post&amp;utm_medium=web&amp;utm_content=podcast&amp;utm_campaign=blog&amp;utm_term=podcasts-radio-marca\" target=\"_blank\" rel=\"noreferrer noopener\">MARCA Coches<\/a><br\/>\u2013 <a href=\"https:\/\/www.ivoox.com\/podcast-libreta-radio-marca_sq_f11152198_1.html?utm_source=post&amp;utm_medium=web&amp;utm_content=podcast&amp;utm_campaign=blog&amp;utm_term=podcasts-radio-marca\" target=\"_blank\" rel=\"noreferrer noopener\">La Libreta en Radio MARCA<\/a><br\/>\u2013 <a href=\"https:\/\/www.ivoox.com\/podcast-seriadictos_sq_f1687151_1.html?utm_source=post&amp;utm_medium=web&amp;utm_content=podcast&amp;utm_campaign=blog&amp;utm_term=podcasts-radio-marca\" target=\"_blank\" rel=\"noreferrer noopener\">Seriadictos<\/a>","inLanguage":"es"},"inLanguage":"es"}]}},"_links":{"self":[{"href":"https:\/\/www.ivoox.com\/blog\/wp-json\/wp\/v2\/posts\/89815","targetHints":{"allow":["GET"]}}],"collection":[{"href":"https:\/\/www.ivoox.com\/blog\/wp-json\/wp\/v2\/posts"}],"about":[{"href":"https:\/\/www.ivoox.com\/blog\/wp-json\/wp\/v2\/types\/post"}],"author":[{"embeddable":true,"href":"https:\/\/www.ivoox.com\/blog\/wp-json\/wp\/v2\/users\/21"}],"replies":[{"embeddable":true,"href":"https:\/\/www.ivoox.com\/blog\/wp-json\/wp\/v2\/comments?post=89815"}],"version-history":[{"count":5,"href":"https:\/\/www.ivoox.com\/blog\/wp-json\/wp\/v2\/posts\/89815\/revisions"}],"predecessor-version":[{"id":90953,"href":"https:\/\/www.ivoox.com\/blog\/wp-json\/wp\/v2\/posts\/89815\/revisions\/90953"}],"wp:featuredmedia":[{"embeddable":true,"href":"https:\/\/www.ivoox.com\/blog\/wp-json\/wp\/v2\/media\/89821"}],"wp:attachment":[{"href":"https:\/\/www.ivoox.com\/blog\/wp-json\/wp\/v2\/media?parent=89815"}],"wp:term":[{"taxonomy":"category","embeddable":true,"href":"https:\/\/www.ivoox.com\/blog\/wp-json\/wp\/v2\/categories?post=89815"},{"taxonomy":"post_tag","embeddable":true,"href":"https:\/\/www.ivoox.com\/blog\/wp-json\/wp\/v2\/tags?post=89815"}],"curies":[{"name":"wp","href":"https:\/\/api.w.org\/{rel}","templated":true}]}}