{"id":90142,"date":"2025-07-24T08:30:00","date_gmt":"2025-07-24T06:30:00","guid":{"rendered":"https:\/\/www.ivoox.com\/blog\/?p=90142"},"modified":"2025-11-28T11:36:42","modified_gmt":"2025-11-28T10:36:42","slug":"podcasts-cadena-ser","status":"publish","type":"post","link":"https:\/\/www.ivoox.com\/blog\/podcasts-cadena-ser\/","title":{"rendered":"Los mejores podcasts de Cadena SER ({year})"},"content":{"rendered":"<div class=\"ivoox-post-content\"><div class=\"ivoox-post-index\" id=\"table-content\"><div id=\"ez-toc-container\" class=\"ez-toc-v2_0_80 counter-hierarchy ez-toc-counter ez-toc-grey ez-toc-container-direction\">\n<div class=\"ez-toc-title-container\"><p class=\"ez-toc-title\" style=\"cursor:inherit\">Tabla de contenidos<\/p>\n<\/div><nav><ul class='ez-toc-list ez-toc-list-level-1 ' ><li class='ez-toc-page-1 ez-toc-heading-level-2'><a class=\"ez-toc-link ez-toc-heading-1\" href=\"https:\/\/www.ivoox.com\/blog\/podcasts-cadena-ser\/#Los_mejores_podcasts_de_la_Cadena_SER_gratis\" >Los mejores podcasts de la Cadena SER gratis<\/a><ul class='ez-toc-list-level-3' ><li class='ez-toc-heading-level-3'><a class=\"ez-toc-link ez-toc-heading-2\" href=\"https:\/\/www.ivoox.com\/blog\/podcasts-cadena-ser\/#Nadie_sabe_nada\" >Nadie sabe nada<\/a><\/li><li class='ez-toc-page-1 ez-toc-heading-level-3'><a class=\"ez-toc-link ez-toc-heading-3\" href=\"https:\/\/www.ivoox.com\/blog\/podcasts-cadena-ser\/#Todo_Concostrina\" >Todo Concostrina<\/a><\/li><li class='ez-toc-page-1 ez-toc-heading-level-3'><a class=\"ez-toc-link ez-toc-heading-4\" href=\"https:\/\/www.ivoox.com\/blog\/podcasts-cadena-ser\/#El_Larguero\" >El Larguero<\/a><\/li><li class='ez-toc-page-1 ez-toc-heading-level-3'><a class=\"ez-toc-link ez-toc-heading-5\" href=\"https:\/\/www.ivoox.com\/blog\/podcasts-cadena-ser\/#Acontece_que_no_es_poco\" >Acontece que no es poco<\/a><\/li><li class='ez-toc-page-1 ez-toc-heading-level-3'><a class=\"ez-toc-link ez-toc-heading-6\" href=\"https:\/\/www.ivoox.com\/blog\/podcasts-cadena-ser\/#Las_Noches_de_Ortega\" >Las Noches de Ortega<\/a><\/li><li class='ez-toc-page-1 ez-toc-heading-level-3'><a class=\"ez-toc-link ez-toc-heading-7\" href=\"https:\/\/www.ivoox.com\/blog\/podcasts-cadena-ser\/#Un_Libro_Una_Hora\" >Un Libro Una Hora<\/a><\/li><li class='ez-toc-page-1 ez-toc-heading-level-3'><a class=\"ez-toc-link ez-toc-heading-8\" href=\"https:\/\/www.ivoox.com\/blog\/podcasts-cadena-ser\/#A_vivir_que_son_dos_dias\" >A vivir que son dos d\u00edas<\/a><\/li><li class='ez-toc-page-1 ez-toc-heading-level-3'><a class=\"ez-toc-link ez-toc-heading-9\" href=\"https:\/\/www.ivoox.com\/blog\/podcasts-cadena-ser\/#Todo_por_la_radio\" >Todo por la radio<\/a><\/li><li class='ez-toc-page-1 ez-toc-heading-level-3'><a class=\"ez-toc-link ez-toc-heading-10\" href=\"https:\/\/www.ivoox.com\/blog\/podcasts-cadena-ser\/#Sucedio_una_noche\" >Sucedi\u00f3 una noche<\/a><\/li><li class='ez-toc-page-1 ez-toc-heading-level-3'><a class=\"ez-toc-link ez-toc-heading-11\" href=\"https:\/\/www.ivoox.com\/blog\/podcasts-cadena-ser\/#Hora_25\" >Hora 25<\/a><\/li><\/ul><\/li><li class='ez-toc-page-1 ez-toc-heading-level-2'><a class=\"ez-toc-link ez-toc-heading-12\" href=\"https:\/\/www.ivoox.com\/blog\/podcasts-cadena-ser\/#Preguntas_frecuentes\" >Preguntas frecuentes<\/a><\/li><\/ul><\/nav><\/div>\n<\/div><div class=\"ivoox-post-body\">\n\t\t\n\t\t\t<figure class=\"post-thumbnail\">\n\t\t\t\t<a class=\"post-thumbnail-inner alignwide\" href=\"https:\/\/www.ivoox.com\/blog\/podcasts-cadena-ser\/\" aria-hidden=\"true\" tabindex=\"-1\">\n\t\t\t\t\t<img width=\"1200\" height=\"675\" src=\"https:\/\/www.ivoox.com\/blog\/wp-content\/uploads\/2025\/07\/podcasts-cadena-ser.webp\" class=\"attachment-post-thumbnail size-post-thumbnail wp-post-image\" alt=\"Los mejores podcasts de Cadena SER\" srcset=\"https:\/\/www.ivoox.com\/blog\/wp-content\/uploads\/2025\/07\/podcasts-cadena-ser.webp 1200w, https:\/\/www.ivoox.com\/blog\/wp-content\/uploads\/2025\/07\/podcasts-cadena-ser-300x169.webp 300w, https:\/\/www.ivoox.com\/blog\/wp-content\/uploads\/2025\/07\/podcasts-cadena-ser-1024x576.webp 1024w, https:\/\/www.ivoox.com\/blog\/wp-content\/uploads\/2025\/07\/podcasts-cadena-ser-768x432.webp 768w\" sizes=\"(max-width: 1200px) 100vw, 1200px\" style=\"width:100%;height:56.25%;max-width:1200px;\" \/>\t\t\t\t<\/a>\n\t\t\t\t\t\t\t\t\t<figcaption class=\"wp-caption-text\">Los mejores podcasts de Cadena SER<\/figcaption>\n\t\t\t\t\t\t\t<\/figure><!-- .post-thumbnail -->\n\n\t\t\t\t\n<p>Si te gusta informarte, re\u00edr o aprender algo nuevo mientras escuchas, no puedes perderte esta selecci\u00f3n con <strong>los mejores podcasts de Cadena SER<\/strong>. Desde las risas de <em>Nadie Sabe Nada<\/em> con Andreu Buenafuente y Berto Romero, hasta las curiosidades hist\u00f3ricas de <em>Todo Concostrina<\/em> o los an\u00e1lisis en profundidad de<em> Hora 25<\/em>, aqu\u00ed tienes el plan perfecto para cada momento del d\u00eda. \u00bfPreparado para descubrir tus nuevos favoritos? \u00a1Dale al play y <a href=\"https:\/\/www.ivoox.com\/_ik_descarga-app_1.html?utm_source=post_btn_descargarapp&#038;utm_medium=web&#038;utm_content=descargar_app&#038;utm_campaign=blog&#038;utm_term=podcasts-cadena-ser\" target=\"_blank\" rel=\"noreferrer noopener\">esc\u00fachalos gratis en iVoox<\/a>! ?<\/p>\n\n\n\n<h2 class=\"wp-block-heading\" id=\"los-mejores-podcasts-de-la-cadena-ser-gratis\"><span class=\"ez-toc-section\" id=\"Los_mejores_podcasts_de_la_Cadena_SER_gratis\"><\/span>Los mejores podcasts de la Cadena SER gratis<span class=\"ez-toc-section-end\"><\/span><\/h2>\n\n\n\n<h3 class=\"wp-block-heading\" id=\"nadie-sabe-nada\"><span class=\"ez-toc-section\" id=\"Nadie_sabe_nada\"><\/span><strong><a href=\"https:\/\/www.ivoox.com\/podcast-nadie-sabe-nada-buenafuente-berto_sq_f173407_1.html?utm_source=post_h3&#038;utm_medium=web&#038;utm_content=podcast&#038;utm_campaign=blog&#038;utm_term=podcasts-cadena-ser\" target=\"_blank\" rel=\"noreferrer noopener\">Nadie sabe nada<\/a><\/strong><span class=\"ez-toc-section-end\"><\/span><\/h3>\n\n\n\n<div class=\"wp-block-image\"><figure class=\"aligncenter size-full\"><a href=\"https:\/\/www.ivoox.com\/podcast-nadie-sabe-nada-buenafuente-berto_sq_f173407_1.html?utm_source=post_img&#038;utm_medium=web&#038;utm_content=podcast&#038;utm_campaign=blog&#038;utm_term=podcasts-cadena-ser\" target=\"_blank\" rel=\"noopener\"><img loading=\"lazy\" decoding=\"async\" width=\"400\" height=\"400\" src=\"https:\/\/www.ivoox.com\/blog\/wp-content\/uploads\/2025\/07\/los-mejores-podcasts-de-cadena-ser-nadie-sabe-nada.webp\" alt=\"Los mejores podcasts de Cadena SER - Nadie Sabe Nada\" class=\"wp-image-90153\" srcset=\"https:\/\/www.ivoox.com\/blog\/wp-content\/uploads\/2025\/07\/los-mejores-podcasts-de-cadena-ser-nadie-sabe-nada.webp 400w, https:\/\/www.ivoox.com\/blog\/wp-content\/uploads\/2025\/07\/los-mejores-podcasts-de-cadena-ser-nadie-sabe-nada-300x300.webp 300w, https:\/\/www.ivoox.com\/blog\/wp-content\/uploads\/2025\/07\/los-mejores-podcasts-de-cadena-ser-nadie-sabe-nada-150x150.webp 150w\" sizes=\"auto, (max-width: 400px) 100vw, 400px\" \/><\/a><\/figure><\/div>\n\n\n\n<p>\u00bfNecesitas una buena carcajada? <em>Nadie sabe nada<\/em> es el <a href=\"https:\/\/www.ivoox.com\/blog\/los-mejores-podcasts-de-humor\/\">podcast de humor<\/a> donde Andreu Buenafuente y Berto Romero se sientan frente a frente e improvisan sobre cualquier tema. Con su qu\u00edmica inconfundible y su habilidad para encontrar lo absurdo en lo cotidiano, cada episodio te trae risas aseguradas. \u00bfSe te ocurre un mejor plan? ?<br><strong><em><a href=\"https:\/\/www.ivoox.com\/podcast-nadie-sabe-nada-buenafuente-berto_sq_f173407_1.html?utm_source=post_escucha&#038;utm_medium=web&#038;utm_content=podcast&#038;utm_campaign=blog&#038;utm_term=podcasts-cadena-ser\" target=\"_blank\" rel=\"noreferrer noopener\">Escucha Nadie sabe nada gratis en iVoox<\/a><\/em><\/strong><\/p>\n\n\n\n<h3 class=\"wp-block-heading\" id=\"todo-concostrina\"><span class=\"ez-toc-section\" id=\"Todo_Concostrina\"><\/span><strong><a href=\"https:\/\/www.ivoox.com\/podcast-todo-concostrina_sq_f1198081_1.html?utm_source=post_h3&#038;utm_medium=web&#038;utm_content=podcast&#038;utm_campaign=blog&#038;utm_term=podcasts-cadena-ser\" target=\"_blank\" rel=\"noreferrer noopener\">Todo Concostrina<\/a><\/strong><span class=\"ez-toc-section-end\"><\/span><\/h3>\n\n\n\n<div class=\"wp-block-image\"><figure class=\"aligncenter size-full\"><a href=\"https:\/\/www.ivoox.com\/podcast-todo-concostrina_sq_f1198081_1.html?utm_source=post_img&#038;utm_medium=web&#038;utm_content=podcast&#038;utm_campaign=blog&#038;utm_term=podcasts-cadena-ser\" target=\"_blank\" rel=\"noopener\"><img loading=\"lazy\" decoding=\"async\" width=\"400\" height=\"400\" src=\"https:\/\/www.ivoox.com\/blog\/wp-content\/uploads\/2025\/07\/los-mejores-podcasts-de-cadena-ser-todo-concostrina.webp\" alt=\"Todo Concostrina\" class=\"wp-image-90154\" srcset=\"https:\/\/www.ivoox.com\/blog\/wp-content\/uploads\/2025\/07\/los-mejores-podcasts-de-cadena-ser-todo-concostrina.webp 400w, https:\/\/www.ivoox.com\/blog\/wp-content\/uploads\/2025\/07\/los-mejores-podcasts-de-cadena-ser-todo-concostrina-300x300.webp 300w, https:\/\/www.ivoox.com\/blog\/wp-content\/uploads\/2025\/07\/los-mejores-podcasts-de-cadena-ser-todo-concostrina-150x150.webp 150w\" sizes=\"auto, (max-width: 400px) 100vw, 400px\" \/><\/a><\/figure><\/div>\n\n\n\n<p>Conducido por la periodista Nieves Concostrina, este <a href=\"https:\/\/www.ivoox.com\/blog\/los-mejores-podcasts-de-historia\/\">podcast de historia<\/a> te invita a conocer el lado m\u00e1s curioso y divertido de los personajes y acontecimientos hist\u00f3ricos que marcaron el pasado. \u00bfQui\u00e9n dijo que la historia era aburrida? \u00a1Prep\u00e1rate para descubrirla como nunca antes te la hab\u00edan contado!<br><strong><em><a href=\"https:\/\/www.ivoox.com\/podcast-todo-concostrina_sq_f1198081_1.html?utm_source=post_escucha&#038;utm_medium=web&#038;utm_content=podcast&#038;utm_campaign=blog&#038;utm_term=podcasts-cadena-ser\" target=\"_blank\" rel=\"noreferrer noopener\">Escucha Todo Concostrina gratis en iVoox<\/a><\/em><\/strong><\/p>\n\n\n\n<h3 class=\"wp-block-heading\" id=\"el-larguero\"><span class=\"ez-toc-section\" id=\"El_Larguero\"><\/span><strong><a href=\"https:\/\/www.ivoox.com\/podcast-larguero_sq_f1189_1.html?utm_source=post_h3&#038;utm_medium=web&#038;utm_content=podcast&#038;utm_campaign=blog&#038;utm_term=podcasts-cadena-ser\" target=\"_blank\" rel=\"noreferrer noopener\">El Larguero<\/a><\/strong><span class=\"ez-toc-section-end\"><\/span><\/h3>\n\n\n\n<div class=\"wp-block-image\"><figure class=\"aligncenter size-full\"><a href=\"https:\/\/www.ivoox.com\/podcast-larguero_sq_f1189_1.html?utm_source=post_img&#038;utm_medium=web&#038;utm_content=podcast&#038;utm_campaign=blog&#038;utm_term=podcasts-cadena-ser\" target=\"_blank\" rel=\"noopener\"><img loading=\"lazy\" decoding=\"async\" width=\"400\" height=\"400\" src=\"https:\/\/www.ivoox.com\/blog\/wp-content\/uploads\/2025\/07\/los-mejores-podcasts-de-cadena-ser-el-larguero.webp\" alt=\"Los mejores podcasts de Cadena SER - El Larguero\" class=\"wp-image-90155\" srcset=\"https:\/\/www.ivoox.com\/blog\/wp-content\/uploads\/2025\/07\/los-mejores-podcasts-de-cadena-ser-el-larguero.webp 400w, https:\/\/www.ivoox.com\/blog\/wp-content\/uploads\/2025\/07\/los-mejores-podcasts-de-cadena-ser-el-larguero-300x300.webp 300w, https:\/\/www.ivoox.com\/blog\/wp-content\/uploads\/2025\/07\/los-mejores-podcasts-de-cadena-ser-el-larguero-150x150.webp 150w\" sizes=\"auto, (max-width: 400px) 100vw, 400px\" \/><\/a><\/figure><\/div>\n\n\n\n<p>Y si quieres estar al tanto de toda la actualidad futbol\u00edstica, no puedes perderte este <a href=\"https:\/\/www.ivoox.com\/blog\/podcasts-de-futbol\/\">podcast de f\u00fatbol<\/a> de la Cadena SER. Con Manu Carre\u00f1o a los mandos, <em>El Larguero<\/em> es un espacio que combina informaci\u00f3n y pasi\u00f3n para hacerte vivir el deporte rey desde dentro. \u00bfNecesitas m\u00e1s?<br><strong><em><a href=\"https:\/\/www.ivoox.com\/podcast-larguero_sq_f1189_1.html?utm_source=post_escucha&#038;utm_medium=web&#038;utm_content=podcast&#038;utm_campaign=blog&#038;utm_term=podcasts-cadena-ser\" target=\"_blank\" rel=\"noreferrer noopener\">Escucha El Larguero gratis en iVoox<\/a><\/em><\/strong><\/p>\n\n\n\n<h3 class=\"wp-block-heading\" id=\"acontece-que-no-es-poco\"><span class=\"ez-toc-section\" id=\"Acontece_que_no_es_poco\"><\/span><strong><a href=\"https:\/\/www.ivoox.com\/podcast-acontece-no-es-poco_sq_f11207820_1.html?utm_source=post_h3&#038;utm_medium=web&#038;utm_content=podcast&#038;utm_campaign=blog&#038;utm_term=podcasts-cadena-ser\" target=\"_blank\" rel=\"noreferrer noopener\">Acontece que no es poco<\/a><\/strong><span class=\"ez-toc-section-end\"><\/span><\/h3>\n\n\n\n<div class=\"wp-block-image\"><figure class=\"aligncenter size-full\"><a href=\"https:\/\/www.ivoox.com\/podcast-acontece-no-es-poco_sq_f11207820_1.html?utm_source=post_img&#038;utm_medium=web&#038;utm_content=podcast&#038;utm_campaign=blog&#038;utm_term=podcasts-cadena-ser\" target=\"_blank\" rel=\"noopener\"><img loading=\"lazy\" decoding=\"async\" width=\"400\" height=\"400\" src=\"https:\/\/www.ivoox.com\/blog\/wp-content\/uploads\/2025\/07\/los-mejores-podcasts-de-cadena-ser-acontece-que-no-es-poco.webp\" alt=\"Acontece que no es poco\" class=\"wp-image-90157\" srcset=\"https:\/\/www.ivoox.com\/blog\/wp-content\/uploads\/2025\/07\/los-mejores-podcasts-de-cadena-ser-acontece-que-no-es-poco.webp 400w, https:\/\/www.ivoox.com\/blog\/wp-content\/uploads\/2025\/07\/los-mejores-podcasts-de-cadena-ser-acontece-que-no-es-poco-300x300.webp 300w, https:\/\/www.ivoox.com\/blog\/wp-content\/uploads\/2025\/07\/los-mejores-podcasts-de-cadena-ser-acontece-que-no-es-poco-150x150.webp 150w\" sizes=\"auto, (max-width: 400px) 100vw, 400px\" \/><\/a><\/figure><\/div>\n\n\n\n<p>\u00bfSabes qu\u00e9 curiosidades esconden los personajes hist\u00f3ricos m\u00e1s famosos? En <em>Acontece que no es poco<\/em>, Nieves Concostrina te gu\u00eda por la historia con humor y cercan\u00eda, respondiendo a todas aquellas preguntas que no aparecen en los libros. Sum\u00e9rgete en el pasado y descubre lo que se esconde tras los grandes momentos hist\u00f3ricos. \u00bfTe lo vas a perder? ?<br><strong><em><a href=\"https:\/\/www.ivoox.com\/podcast-acontece-no-es-poco_sq_f11207820_1.html?utm_source=post_escucha&#038;utm_medium=web&#038;utm_content=podcast&#038;utm_campaign=blog&#038;utm_term=podcasts-cadena-ser\" target=\"_blank\" rel=\"noreferrer noopener\">Escucha Acontece que no es poco gratis en iVoox<\/a><\/em><\/strong><\/p>\n\n\n\n<h3 class=\"wp-block-heading\" id=\"las-noches-de-ortega\"><span class=\"ez-toc-section\" id=\"Las_Noches_de_Ortega\"><\/span><strong><a href=\"https:\/\/www.ivoox.com\/podcast-noches-ortega_sq_f1599467_1.html?utm_source=post_h3&#038;utm_medium=web&#038;utm_content=podcast&#038;utm_campaign=blog&#038;utm_term=podcasts-cadena-ser\" target=\"_blank\" rel=\"noreferrer noopener\">Las Noches de Ortega<\/a><\/strong><span class=\"ez-toc-section-end\"><\/span><\/h3>\n\n\n\n<div class=\"wp-block-image\"><figure class=\"aligncenter size-full\"><a href=\"https:\/\/www.ivoox.com\/podcast-noches-ortega_sq_f1599467_1.html?utm_source=post_img&#038;utm_medium=web&#038;utm_content=podcast&#038;utm_campaign=blog&#038;utm_term=podcasts-cadena-ser\" target=\"_blank\" rel=\"noopener\"><img loading=\"lazy\" decoding=\"async\" width=\"400\" height=\"400\" src=\"https:\/\/www.ivoox.com\/blog\/wp-content\/uploads\/2025\/07\/los-mejores-podcasts-de-cadena-ser-las-noches-de-ortega.webp\" alt=\"Los mejores podcasts de Cadena SER - Las Noches de Ortega\" class=\"wp-image-90158\" srcset=\"https:\/\/www.ivoox.com\/blog\/wp-content\/uploads\/2025\/07\/los-mejores-podcasts-de-cadena-ser-las-noches-de-ortega.webp 400w, https:\/\/www.ivoox.com\/blog\/wp-content\/uploads\/2025\/07\/los-mejores-podcasts-de-cadena-ser-las-noches-de-ortega-300x300.webp 300w, https:\/\/www.ivoox.com\/blog\/wp-content\/uploads\/2025\/07\/los-mejores-podcasts-de-cadena-ser-las-noches-de-ortega-150x150.webp 150w\" sizes=\"auto, (max-width: 400px) 100vw, 400px\" \/><\/a><\/figure><\/div>\n\n\n\n<p>Con un humor absurdo a la vez que inteligente, este es el podcast de Cadena SER donde Juan Carlos Ortega da vida a situaciones tan ins\u00f3litas como ingeniosas. Con ese estilo \u00fanico y pausado que lo caracteriza, <em>Las Noches de Ortega<\/em> rompe con lo convencional y te har\u00e1 re\u00edr como nunca. \u00a1No te lo puedes perder!<br><strong><em><a href=\"https:\/\/www.ivoox.com\/podcast-noches-ortega_sq_f1599467_1.html?utm_source=post_escucha&#038;utm_medium=web&#038;utm_content=podcast&#038;utm_campaign=blog&#038;utm_term=podcasts-cadena-ser\" target=\"_blank\" rel=\"noreferrer noopener\">Escucha Las Noches de Ortega gratis en iVoox<\/a><\/em><\/strong><\/p>\n\n\n\n<h3 class=\"wp-block-heading\" id=\"un-libro-una-hora\"><span class=\"ez-toc-section\" id=\"Un_Libro_Una_Hora\"><\/span><strong><a href=\"https:\/\/www.ivoox.com\/podcast-un-libro-una-hora_sq_f1728433_1.html?utm_source=post_h3&#038;utm_medium=web&#038;utm_content=podcast&#038;utm_campaign=blog&#038;utm_term=podcasts-cadena-ser\" target=\"_blank\" rel=\"noreferrer noopener\">Un Libro Una Hora<\/a><\/strong><span class=\"ez-toc-section-end\"><\/span><\/h3>\n\n\n\n<div class=\"wp-block-image\"><figure class=\"aligncenter size-full\"><a href=\"https:\/\/www.ivoox.com\/podcast-un-libro-una-hora_sq_f1728433_1.html?utm_source=post_img&#038;utm_medium=web&#038;utm_content=podcast&#038;utm_campaign=blog&#038;utm_term=podcasts-cadena-ser\" target=\"_blank\" rel=\"noopener\"><img loading=\"lazy\" decoding=\"async\" width=\"400\" height=\"400\" src=\"https:\/\/www.ivoox.com\/blog\/wp-content\/uploads\/2025\/07\/los-mejores-podcasts-de-cadena-ser-un-libro-una-hora.webp\" alt=\"Un Libro Una Hora\" class=\"wp-image-90159\" srcset=\"https:\/\/www.ivoox.com\/blog\/wp-content\/uploads\/2025\/07\/los-mejores-podcasts-de-cadena-ser-un-libro-una-hora.webp 400w, https:\/\/www.ivoox.com\/blog\/wp-content\/uploads\/2025\/07\/los-mejores-podcasts-de-cadena-ser-un-libro-una-hora-300x300.webp 300w, https:\/\/www.ivoox.com\/blog\/wp-content\/uploads\/2025\/07\/los-mejores-podcasts-de-cadena-ser-un-libro-una-hora-150x150.webp 150w\" sizes=\"auto, (max-width: 400px) 100vw, 400px\" \/><\/a><\/figure><\/div>\n\n\n\n<p>Conducido por Antonio Mart\u00ednez Asensio, este es tu podcast perfecto si te encanta la <a href=\"https:\/\/www.ivoox.com\/blog\/podcasts-de-libros-y-literatura\/\">literatura<\/a> pero no tienes tiempo para leer. En <em>Un Libro Una Hora<\/em>, cada episodio resume un cl\u00e1sico en solo 60 minutos, con una narraci\u00f3n que te atrapar\u00e1 desde primer momento. \u00bfQuieres m\u00e1s? \u00a1Sorpr\u00e9ndete con curiosidades que no sab\u00edas y redescubre las mejores historias de todos los tiempos!<br><strong><em><a href=\"https:\/\/www.ivoox.com\/podcast-un-libro-una-hora_sq_f1728433_1.html?utm_source=post_escucha&#038;utm_medium=web&#038;utm_content=podcast&#038;utm_campaign=blog&#038;utm_term=podcasts-cadena-ser\" target=\"_blank\" rel=\"noreferrer noopener\">Escucha Un Libro Una Hora gratis en iVoox<\/a><\/em><\/strong><\/p>\n\n\n\n<h3 class=\"wp-block-heading\" id=\"a-vivir-que-son-dos-dias\"><span class=\"ez-toc-section\" id=\"A_vivir_que_son_dos_dias\"><\/span><strong><a href=\"https:\/\/www.ivoox.com\/podcast-a-vivir-son-dos-dias_sq_f1474_1.html?utm_source=post_h3&#038;utm_medium=web&#038;utm_content=podcast&#038;utm_campaign=blog&#038;utm_term=podcasts-cadena-ser\" target=\"_blank\" rel=\"noreferrer noopener\">A vivir que son dos d\u00edas<\/a><\/strong><span class=\"ez-toc-section-end\"><\/span><\/h3>\n\n\n\n<div class=\"wp-block-image\"><figure class=\"aligncenter size-full\"><a href=\"https:\/\/www.ivoox.com\/podcast-a-vivir-son-dos-dias_sq_f1474_1.html?utm_source=post_img&#038;utm_medium=web&#038;utm_content=podcast&#038;utm_campaign=blog&#038;utm_term=podcasts-cadena-ser\" target=\"_blank\" rel=\"noopener\"><img loading=\"lazy\" decoding=\"async\" width=\"400\" height=\"400\" src=\"https:\/\/www.ivoox.com\/blog\/wp-content\/uploads\/2025\/07\/los-mejores-podcasts-de-cadena-ser-a-vivir-que-son-dos-dias.webp\" alt=\"Los mejores podcasts de Cadena SER - A vivir que son dos d\u00edas\" class=\"wp-image-90160\" srcset=\"https:\/\/www.ivoox.com\/blog\/wp-content\/uploads\/2025\/07\/los-mejores-podcasts-de-cadena-ser-a-vivir-que-son-dos-dias.webp 400w, https:\/\/www.ivoox.com\/blog\/wp-content\/uploads\/2025\/07\/los-mejores-podcasts-de-cadena-ser-a-vivir-que-son-dos-dias-300x300.webp 300w, https:\/\/www.ivoox.com\/blog\/wp-content\/uploads\/2025\/07\/los-mejores-podcasts-de-cadena-ser-a-vivir-que-son-dos-dias-150x150.webp 150w\" sizes=\"auto, (max-width: 400px) 100vw, 400px\" \/><\/a><\/figure><\/div>\n\n\n\n<p>\u00bfY si las ma\u00f1anas del fin de semana pudieran vivirse con otra mirada? <em>A vivir que son dos d\u00edas<\/em> es ese espacio de calma y reflexi\u00f3n que te a\u00edsla del ruido diario. Con voces como Juan Jos\u00e9 Mill\u00e1s, Javier Sampedro o Pere Estupiny\u00e0, te invitar\u00e1 a pensar, sentir y redescubrir el mundo desde un \u00e1ngulo distinto. Ideal para empezar el d\u00eda con una buena conversaci\u00f3n \u2615\ufe0f<br><strong><em><a href=\"https:\/\/www.ivoox.com\/podcast-a-vivir-son-dos-dias_sq_f1474_1.html?utm_source=post_escucha&#038;utm_medium=web&#038;utm_content=podcast&#038;utm_campaign=blog&#038;utm_term=podcasts-cadena-ser\" target=\"_blank\" rel=\"noreferrer noopener\">Escucha A vivir que son dos d\u00edas gratis en iVoox<\/a><\/em><\/strong><\/p>\n\n\n\n<h3 class=\"wp-block-heading\" id=\"todo-por-la-radio\"><span class=\"ez-toc-section\" id=\"Todo_por_la_radio\"><\/span><strong><a href=\"https:\/\/www.ivoox.com\/podcast-todo-radio_sq_f1255223_1.html?utm_source=post_h3&#038;utm_medium=web&#038;utm_content=podcast&#038;utm_campaign=blog&#038;utm_term=podcasts-cadena-ser\" target=\"_blank\" rel=\"noreferrer noopener\">Todo por la radio<\/a><\/strong><span class=\"ez-toc-section-end\"><\/span><\/h3>\n\n\n\n<div class=\"wp-block-image\"><figure class=\"aligncenter size-full\"><a href=\"https:\/\/www.ivoox.com\/podcast-todo-radio_sq_f1255223_1.html?utm_source=post_img&#038;utm_medium=web&#038;utm_content=podcast&#038;utm_campaign=blog&#038;utm_term=podcasts-cadena-ser\" target=\"_blank\" rel=\"noopener\"><img loading=\"lazy\" decoding=\"async\" width=\"400\" height=\"400\" src=\"https:\/\/www.ivoox.com\/blog\/wp-content\/uploads\/2025\/07\/los-mejores-podcasts-de-cadena-ser-todo-por-la-radio.webp\" alt=\"Todo por la radio\" class=\"wp-image-90161\" srcset=\"https:\/\/www.ivoox.com\/blog\/wp-content\/uploads\/2025\/07\/los-mejores-podcasts-de-cadena-ser-todo-por-la-radio.webp 400w, https:\/\/www.ivoox.com\/blog\/wp-content\/uploads\/2025\/07\/los-mejores-podcasts-de-cadena-ser-todo-por-la-radio-300x300.webp 300w, https:\/\/www.ivoox.com\/blog\/wp-content\/uploads\/2025\/07\/los-mejores-podcasts-de-cadena-ser-todo-por-la-radio-150x150.webp 150w\" sizes=\"auto, (max-width: 400px) 100vw, 400px\" \/><\/a><\/figure><\/div>\n\n\n\n<p>En <em>Todo por la radio,<\/em> Toni Mart\u00ednez y todo su equipo transforman las noticias del d\u00eda en puro entretenimiento. Con ingenio, iron\u00eda y un gran sentido del humor, desmontan la <a href=\"https:\/\/www.ivoox.com\/blog\/podcasts-de-noticias-y-actualidad\/\">actualidad pol\u00edtica<\/a> mientras te hacen re\u00edr sin perder detalle. \u00a1Estar al d\u00eda nunca fue tan entretenido!<br><strong><em><a href=\"https:\/\/www.ivoox.com\/podcast-todo-radio_sq_f1255223_1.html?utm_source=post_escucha&#038;utm_medium=web&#038;utm_content=podcast&#038;utm_campaign=blog&#038;utm_term=podcasts-cadena-ser\" target=\"_blank\" rel=\"noreferrer noopener\">Escucha Todo por la radio gratis en iVoox<\/a><\/em><\/strong><\/p>\n\n\n\n<h3 class=\"wp-block-heading\" id=\"sucedio-una-noche\"><span class=\"ez-toc-section\" id=\"Sucedio_una_noche\"><\/span><strong><a href=\"https:\/\/www.ivoox.com\/podcast-sucedio-noche_sq_f1240052_1.html?utm_source=post_h3&#038;utm_medium=web&#038;utm_content=podcast&#038;utm_campaign=blog&#038;utm_term=podcasts-cadena-ser\" target=\"_blank\" rel=\"noreferrer noopener\">Sucedi\u00f3 una noche<\/a><\/strong><span class=\"ez-toc-section-end\"><\/span><\/h3>\n\n\n\n<div class=\"wp-block-image\"><figure class=\"aligncenter size-full\"><a href=\"https:\/\/www.ivoox.com\/podcast-sucedio-noche_sq_f1240052_1.html?utm_source=post_img&#038;utm_medium=web&#038;utm_content=podcast&#038;utm_campaign=blog&#038;utm_term=podcasts-cadena-ser\" target=\"_blank\" rel=\"noopener\"><img loading=\"lazy\" decoding=\"async\" width=\"400\" height=\"400\" src=\"https:\/\/www.ivoox.com\/blog\/wp-content\/uploads\/2025\/07\/los-mejores-podcasts-de-cadena-ser-sucedio-una-noche.webp\" alt=\"Los mejores podcasts de Cadena SER - Sucedi\u00f3 una noche\" class=\"wp-image-90162\" srcset=\"https:\/\/www.ivoox.com\/blog\/wp-content\/uploads\/2025\/07\/los-mejores-podcasts-de-cadena-ser-sucedio-una-noche.webp 400w, https:\/\/www.ivoox.com\/blog\/wp-content\/uploads\/2025\/07\/los-mejores-podcasts-de-cadena-ser-sucedio-una-noche-300x300.webp 300w, https:\/\/www.ivoox.com\/blog\/wp-content\/uploads\/2025\/07\/los-mejores-podcasts-de-cadena-ser-sucedio-una-noche-150x150.webp 150w\" sizes=\"auto, (max-width: 400px) 100vw, 400px\" \/><\/a><\/figure><\/div>\n\n\n\n<p>Si eres de los que siguen disfrutando del <a href=\"https:\/\/www.ivoox.com\/landing\/podcasts-sobre-la-historia-del-cine-529?utm_source=post&#038;utm_medium=web&#038;utm_content=landing&#038;utm_campaign=blog&#038;utm_term=podcasts-cadena-ser\" target=\"_blank\" rel=\"noreferrer noopener\">cine cl\u00e1sico<\/a> como el primer d\u00eda, este podcast es para ti. En <em>Sucedi\u00f3 una noche<\/em>, Antonio Mart\u00ednez y Elio Castro repasan las pel\u00edculas que marcaron una \u00e9poca y las an\u00e9cdotas que hay detr\u00e1s de cada rodaje. \u00a1Dale al play y d\u00e9jate llevar por la magia de esos cl\u00e1sicos que nunca pasan de moda!<br><strong><em><a href=\"https:\/\/www.ivoox.com\/podcast-sucedio-noche_sq_f1240052_1.html?utm_source=post_escucha&#038;utm_medium=web&#038;utm_content=podcast&#038;utm_campaign=blog&#038;utm_term=podcasts-cadena-ser\" target=\"_blank\" rel=\"noreferrer noopener\">Escucha Sucedi\u00f3 una noche gratis en iVoox<\/a><\/em><\/strong><\/p>\n\n\n\n<h3 class=\"wp-block-heading\" id=\"hora-25\"><span class=\"ez-toc-section\" id=\"Hora_25\"><\/span><strong><a href=\"https:\/\/www.ivoox.com\/podcast-hora-25_sq_f1321_1.html?utm_source=post_h3&#038;utm_medium=web&#038;utm_content=podcast&#038;utm_campaign=blog&#038;utm_term=podcasts-cadena-ser\" target=\"_blank\" rel=\"noreferrer noopener\">Hora 25<\/a><\/strong><span class=\"ez-toc-section-end\"><\/span><\/h3>\n\n\n\n<div class=\"wp-block-image\"><figure class=\"aligncenter size-full\"><a href=\"https:\/\/www.ivoox.com\/podcast-hora-25_sq_f1321_1.html?utm_source=post_img&#038;utm_medium=web&#038;utm_content=podcast&#038;utm_campaign=blog&#038;utm_term=podcasts-cadena-ser\" target=\"_blank\" rel=\"noopener\"><img loading=\"lazy\" decoding=\"async\" width=\"400\" height=\"400\" src=\"https:\/\/www.ivoox.com\/blog\/wp-content\/uploads\/2025\/07\/hora-25.webp\" alt=\"Hora 25\" class=\"wp-image-90163\" srcset=\"https:\/\/www.ivoox.com\/blog\/wp-content\/uploads\/2025\/07\/hora-25.webp 400w, https:\/\/www.ivoox.com\/blog\/wp-content\/uploads\/2025\/07\/hora-25-300x300.webp 300w, https:\/\/www.ivoox.com\/blog\/wp-content\/uploads\/2025\/07\/hora-25-150x150.webp 150w\" sizes=\"auto, (max-width: 400px) 100vw, 400px\" \/><\/a><\/figure><\/div>\n\n\n\n<p>\u00bfTe gustar\u00eda entender qu\u00e9 ha pasado durante el d\u00eda y por qu\u00e9 es importante? <em>Hora 25<\/em> es el podcast donde Aimar Bretos te lo explica con rigor, contexto y el apoyo de las voces m\u00e1s influyentes del panorama pol\u00edtico y social. Un an\u00e1lisis pausado y profundo para cerrar el d\u00eda bien informado. \u00a1Te lo recomendamos! ?\ufe0f<br><strong><em><a href=\"https:\/\/www.ivoox.com\/podcast-hora-25_sq_f1321_1.html?utm_source=post_escucha&#038;utm_medium=web&#038;utm_content=podcast&#038;utm_campaign=blog&#038;utm_term=podcasts-cadena-ser\" target=\"_blank\" rel=\"noreferrer noopener\">Escucha Hora 25 gratis en iVoox<\/a><\/em><\/strong><\/p>\n\n\n\n<h2 class=\"wp-block-heading\" id=\"preguntas-frecuentes\"><span class=\"ez-toc-section\" id=\"Preguntas_frecuentes\"><\/span>Preguntas frecuentes<span class=\"ez-toc-section-end\"><\/span><\/h2>\n\n\n\n<div class=\"schema-faq wp-block-yoast-faq-block\"><div class=\"schema-faq-section\" id=\"faq-question-1753271779217\"><strong class=\"schema-faq-question\"><strong>\u00bfD\u00f3nde puedo encontrar podcasts de la Cadena SER?<\/strong><\/strong> <p class=\"schema-faq-answer\">Los encontrar\u00e1s y los podr\u00e1s escuchar gratis desde la <a href=\"https:\/\/www.ivoox.com\/_ik_descarga-app_1.html?utm_source=post_btn_descargarapp&#038;utm_medium=web&#038;utm_content=descargar_app&#038;utm_campaign=blog&#038;utm_term=podcasts-cadena-ser\" target=\"_blank\" rel=\"noreferrer noopener\">app de iVoox<\/a>, as\u00ed como tambi\u00e9n desde la <a href=\"https:\/\/cadenaser.com\/podcast\/\" target=\"_blank\" rel=\"noreferrer noopener\">web de la propia Cadena SER<\/a>.<br\/><br\/>\u00bfQuieres m\u00e1s? No te pierdas esta selecci\u00f3n con <a href=\"https:\/\/www.ivoox.com\/blog\/las-radios-mas-escuchadas-en-espana\/\">las radios m\u00e1s escuchadas en Espa\u00f1a<\/a>.<br\/><\/p> <\/div> <div class=\"schema-faq-section\" id=\"faq-question-1753271849542\"><strong class=\"schema-faq-question\"><strong>\u00bfCu\u00e1les son los mejores podcasts de la Cadena SER?<\/strong><\/strong> <p class=\"schema-faq-answer\">&#8211; <a href=\"https:\/\/www.ivoox.com\/podcast-nadie-sabe-nada-buenafuente-berto_sq_f173407_1.html?utm_source=post&#038;utm_medium=web&#038;utm_content=podcast&#038;utm_campaign=blog&#038;utm_term=podcasts-cadena-ser\" target=\"_blank\" rel=\"noreferrer noopener\">Nadie sabe nada<\/a><br\/>&#8211; <a href=\"https:\/\/www.ivoox.com\/podcast-todo-concostrina_sq_f1198081_1.html?utm_source=post&#038;utm_medium=web&#038;utm_content=podcast&#038;utm_campaign=blog&#038;utm_term=podcasts-cadena-ser\" target=\"_blank\" rel=\"noreferrer noopener\">Todo Concostrina<\/a><br\/>&#8211; <a href=\"https:\/\/www.ivoox.com\/podcast-larguero_sq_f1189_1.html?utm_source=post&#038;utm_medium=web&#038;utm_content=podcast&#038;utm_campaign=blog&#038;utm_term=podcasts-cadena-ser\" target=\"_blank\" rel=\"noreferrer noopener\">El Larguero<\/a><br\/>&#8211; <a href=\"https:\/\/www.ivoox.com\/podcast-acontece-no-es-poco_sq_f11207820_1.html?utm_source=post&#038;utm_medium=web&#038;utm_content=podcast&#038;utm_campaign=blog&#038;utm_term=podcasts-cadena-ser\" target=\"_blank\" rel=\"noreferrer noopener\">Acontece que no es poco<\/a><br\/>&#8211; <a href=\"https:\/\/www.ivoox.com\/podcast-noches-ortega_sq_f1599467_1.html?utm_source=post&#038;utm_medium=web&#038;utm_content=podcast&#038;utm_campaign=blog&#038;utm_term=podcasts-cadena-ser\" target=\"_blank\" rel=\"noreferrer noopener\">Las Noches de Ortega<\/a><br\/>&#8211; <a href=\"https:\/\/www.ivoox.com\/podcast-un-libro-una-hora_sq_f1728433_1.html?utm_source=post&#038;utm_medium=web&#038;utm_content=podcast&#038;utm_campaign=blog&#038;utm_term=podcasts-cadena-ser\" target=\"_blank\" rel=\"noreferrer noopener\">Un Libro Una Hora<\/a><br\/>&#8211; <a href=\"https:\/\/www.ivoox.com\/podcast-a-vivir-son-dos-dias_sq_f1474_1.html?utm_source=post&#038;utm_medium=web&#038;utm_content=podcast&#038;utm_campaign=blog&#038;utm_term=podcasts-cadena-ser\" target=\"_blank\" rel=\"noreferrer noopener\">A vivir que son dos d\u00edas<\/a><br\/>&#8211; <a href=\"https:\/\/www.ivoox.com\/podcast-todo-radio_sq_f1255223_1.html?utm_source=post&#038;utm_medium=web&#038;utm_content=podcast&#038;utm_campaign=blog&#038;utm_term=podcasts-cadena-ser\" target=\"_blank\" rel=\"noreferrer noopener\">Todo por la radio<\/a><br\/>&#8211; <a href=\"https:\/\/www.ivoox.com\/podcast-sucedio-noche_sq_f1240052_1.html?utm_source=post&#038;utm_medium=web&#038;utm_content=podcast&#038;utm_campaign=blog&#038;utm_term=podcasts-cadena-ser\" target=\"_blank\" rel=\"noreferrer noopener\">Sucedi\u00f3 una noche<\/a><br\/>&#8211; <a href=\"https:\/\/www.ivoox.com\/podcast-hora-25_sq_f1321_1.html?utm_source=post&#038;utm_medium=web&#038;utm_content=podcast&#038;utm_campaign=blog&#038;utm_term=podcasts-cadena-ser\" target=\"_blank\" rel=\"noreferrer noopener\">Hora 25<\/a><\/p> <\/div> <\/div>\n<\/div><div class=\"ivoox-post-banners\">\n<div class=\"banner-card\">\n\t<img src=\"https:\/\/www.ivoox.com\/blog\/wp-content\/themes\/ivoox-theme\/assets\/images\/banner-ivoox-app-r25.jpg\" alt=\"Descarga la app\" width=\"325\" height=\"260\" class=\"banner-image\">\n\t<div class=\"banner-content\">\n\t\t<h3>\n\t\t\tDescarga gratis la <span>app de iVoox<\/span>\n\t\t<\/h3>\n\t\t<p>\n\t\t\tEscucha cuando y donde quieras tus podcasts, radios y audiolibros favoritos.\n\t\t<\/p>\n\t\t<a href=\"https:\/\/www.ivoox.com\/_ik_descarga-app_1.html?utm_source%3Dbanner%26utm_medium%3Dweb%26utm_content%3Ddescargar_app%26utm_campaign%3Dblog\" target=\"blank\" class=\"btn\">Descargar gratis<\/a>\t<\/div>\n<\/div>\n<\/div><\/div>","protected":false},"excerpt":{"rendered":"<p>Nadie sabe nada, Todo Concostrina, El Larguero&#8230; Los mejores podcasts de Cadena SER te esperan. \u00a1Descubre cu\u00e1les son!<\/p>\n","protected":false},"author":21,"featured_media":90156,"comment_status":"open","ping_status":"closed","sticky":false,"template":"","format":"standard","meta":{"footnotes":""},"categories":[3,6],"tags":[],"class_list":["post-90142","post","type-post","status-publish","format-standard","has-post-thumbnail","hentry","category-los-mejores-podcasts","category-tendencias","entry"],"yoast_head":"<!-- This site is optimized with the Yoast SEO plugin v26.8 - https:\/\/yoast.com\/product\/yoast-seo-wordpress\/ -->\n<title>Los mejores podcasts de Cadena SER (2026) - iVoox Blog<\/title>\n<meta name=\"description\" content=\"Nadie sabe nada, Todo Concostrina, El Larguero... \u00a1Descubre los mejores podcasts de Cadena SER y esc\u00fachalos gratis en iVoox! \ud83d\udca5\" \/>\n<meta name=\"robots\" content=\"index, follow, max-snippet:-1, max-image-preview:large, max-video-preview:-1\" \/>\n<link rel=\"canonical\" href=\"https:\/\/www.ivoox.com\/blog\/podcasts-cadena-ser\/\" \/>\n<meta property=\"og:locale\" content=\"es_ES\" \/>\n<meta property=\"og:type\" content=\"article\" \/>\n<meta property=\"og:title\" content=\"Los mejores podcasts de Cadena SER (2026) - iVoox Blog\" \/>\n<meta property=\"og:description\" content=\"Nadie sabe nada, Todo Concostrina, El Larguero... \u00a1Descubre los mejores podcasts de Cadena SER y esc\u00fachalos gratis en iVoox! \ud83d\udca5\" \/>\n<meta property=\"og:url\" content=\"https:\/\/www.ivoox.com\/blog\/podcasts-cadena-ser\/\" \/>\n<meta property=\"og:site_name\" content=\"iVoox Blog\" \/>\n<meta property=\"article:published_time\" content=\"2025-07-24T06:30:00+00:00\" \/>\n<meta property=\"article:modified_time\" content=\"2025-11-28T10:36:42+00:00\" \/>\n<meta property=\"og:image\" content=\"https:\/\/www.ivoox.com\/blog\/wp-content\/uploads\/2025\/07\/podcasts-cadena-ser.webp\" \/>\n\t<meta property=\"og:image:width\" content=\"1200\" \/>\n\t<meta property=\"og:image:height\" content=\"675\" \/>\n\t<meta property=\"og:image:type\" content=\"image\/webp\" \/>\n<meta name=\"author\" content=\"Carlota Carre\u00f1o\" \/>\n<meta name=\"twitter:card\" content=\"summary_large_image\" \/>\n<meta name=\"twitter:label1\" content=\"Escrito por\" \/>\n\t<meta name=\"twitter:data1\" content=\"Carlota Carre\u00f1o\" \/>\n\t<meta name=\"twitter:label2\" content=\"Tiempo de lectura\" \/>\n\t<meta name=\"twitter:data2\" content=\"6 minutos\" \/>\n<!-- \/ Yoast SEO plugin. -->","yoast_head_json":{"title":"Los mejores podcasts de Cadena SER (2026) - iVoox Blog","description":"Nadie sabe nada, Todo Concostrina, El Larguero... \u00a1Descubre los mejores podcasts de Cadena SER y esc\u00fachalos gratis en iVoox! \ud83d\udca5","robots":{"index":"index","follow":"follow","max-snippet":"max-snippet:-1","max-image-preview":"max-image-preview:large","max-video-preview":"max-video-preview:-1"},"canonical":"https:\/\/www.ivoox.com\/blog\/podcasts-cadena-ser\/","og_locale":"es_ES","og_type":"article","og_title":"Los mejores podcasts de Cadena SER (2026) - iVoox Blog","og_description":"Nadie sabe nada, Todo Concostrina, El Larguero... \u00a1Descubre los mejores podcasts de Cadena SER y esc\u00fachalos gratis en iVoox! \ud83d\udca5","og_url":"https:\/\/www.ivoox.com\/blog\/podcasts-cadena-ser\/","og_site_name":"iVoox Blog","article_published_time":"2025-07-24T06:30:00+00:00","article_modified_time":"2025-11-28T10:36:42+00:00","og_image":[{"width":1200,"height":675,"url":"https:\/\/www.ivoox.com\/blog\/wp-content\/uploads\/2025\/07\/podcasts-cadena-ser.webp","type":"image\/webp"}],"author":"Carlota Carre\u00f1o","twitter_card":"summary_large_image","twitter_misc":{"Escrito por":"Carlota Carre\u00f1o","Tiempo de lectura":"6 minutos"},"schema":{"@context":"https:\/\/schema.org","@graph":[{"@type":"NewsArticle","@id":"https:\/\/www.ivoox.com\/blog\/podcasts-cadena-ser\/#article","isPartOf":{"@id":"https:\/\/www.ivoox.com\/blog\/podcasts-cadena-ser\/"},"author":{"name":"Carlota Carre\u00f1o","@id":"https:\/\/www.ivoox.com\/blog\/#\/schema\/person\/151b82a5e305da6cea5eea1bbab53d93"},"headline":"Los mejores podcasts de Cadena SER ({year})","datePublished":"2025-07-24T06:30:00+00:00","dateModified":"2025-11-28T10:36:42+00:00","mainEntityOfPage":{"@id":"https:\/\/www.ivoox.com\/blog\/podcasts-cadena-ser\/"},"wordCount":916,"commentCount":0,"publisher":{"@id":"https:\/\/www.ivoox.com\/blog\/#organization"},"image":{"@id":"https:\/\/www.ivoox.com\/blog\/podcasts-cadena-ser\/#primaryimage"},"thumbnailUrl":"https:\/\/www.ivoox.com\/blog\/wp-content\/uploads\/2025\/07\/podcasts-cadena-ser.webp","articleSection":["Los mejores podcasts","Tendencias"],"inLanguage":"es","potentialAction":[{"@type":"CommentAction","name":"Comment","target":["https:\/\/www.ivoox.com\/blog\/podcasts-cadena-ser\/#respond"]}]},{"@type":["WebPage","ItemPage","FAQPage"],"@id":"https:\/\/www.ivoox.com\/blog\/podcasts-cadena-ser\/","url":"https:\/\/www.ivoox.com\/blog\/podcasts-cadena-ser\/","name":"Los mejores podcasts de Cadena SER ({year}) - iVoox Blog","isPartOf":{"@id":"https:\/\/www.ivoox.com\/blog\/#website"},"primaryImageOfPage":{"@id":"https:\/\/www.ivoox.com\/blog\/podcasts-cadena-ser\/#primaryimage"},"image":{"@id":"https:\/\/www.ivoox.com\/blog\/podcasts-cadena-ser\/#primaryimage"},"thumbnailUrl":"https:\/\/www.ivoox.com\/blog\/wp-content\/uploads\/2025\/07\/podcasts-cadena-ser.webp","datePublished":"2025-07-24T06:30:00+00:00","dateModified":"2025-11-28T10:36:42+00:00","description":"Nadie sabe nada, Todo Concostrina, El Larguero... \u00a1Descubre los mejores podcasts de Cadena SER y esc\u00fachalos gratis en iVoox! \ud83d\udca5","breadcrumb":{"@id":"https:\/\/www.ivoox.com\/blog\/podcasts-cadena-ser\/#breadcrumb"},"mainEntity":[{"@id":"https:\/\/www.ivoox.com\/blog\/podcasts-cadena-ser\/#faq-question-1753271779217"},{"@id":"https:\/\/www.ivoox.com\/blog\/podcasts-cadena-ser\/#faq-question-1753271849542"}],"inLanguage":"es","potentialAction":[{"@type":"ReadAction","target":["https:\/\/www.ivoox.com\/blog\/podcasts-cadena-ser\/"]}]},{"@type":"ImageObject","inLanguage":"es","@id":"https:\/\/www.ivoox.com\/blog\/podcasts-cadena-ser\/#primaryimage","url":"https:\/\/www.ivoox.com\/blog\/wp-content\/uploads\/2025\/07\/podcasts-cadena-ser.webp","contentUrl":"https:\/\/www.ivoox.com\/blog\/wp-content\/uploads\/2025\/07\/podcasts-cadena-ser.webp","width":1200,"height":675,"caption":"Los mejores podcasts de Cadena SER"},{"@type":"BreadcrumbList","@id":"https:\/\/www.ivoox.com\/blog\/podcasts-cadena-ser\/#breadcrumb","itemListElement":[{"@type":"ListItem","position":1,"name":"Home","item":"https:\/\/www.ivoox.com\/blog\/"},{"@type":"ListItem","position":2,"name":"Los mejores podcasts de Cadena SER ({year})"}]},{"@type":"WebSite","@id":"https:\/\/www.ivoox.com\/blog\/#website","url":"https:\/\/www.ivoox.com\/blog\/","name":"iVoox Blog","description":"\u00daltimas noticias de iVoox","publisher":{"@id":"https:\/\/www.ivoox.com\/blog\/#organization"},"potentialAction":[{"@type":"SearchAction","target":{"@type":"EntryPoint","urlTemplate":"https:\/\/www.ivoox.com\/blog\/?s={search_term_string}"},"query-input":{"@type":"PropertyValueSpecification","valueRequired":true,"valueName":"search_term_string"}}],"inLanguage":"es"},{"@type":"Organization","@id":"https:\/\/www.ivoox.com\/blog\/#organization","name":"iVoox Blog","url":"https:\/\/www.ivoox.com\/blog\/","logo":{"@type":"ImageObject","inLanguage":"es","@id":"https:\/\/www.ivoox.com\/blog\/#\/schema\/logo\/image\/","url":"https:\/\/www.ivoox.com\/blog\/wp-content\/uploads\/2022\/02\/1x1.png","contentUrl":"https:\/\/www.ivoox.com\/blog\/wp-content\/uploads\/2022\/02\/1x1.png","width":1,"height":1,"caption":"iVoox Blog"},"image":{"@id":"https:\/\/www.ivoox.com\/blog\/#\/schema\/logo\/image\/"}},{"@type":"Person","@id":"https:\/\/www.ivoox.com\/blog\/#\/schema\/person\/151b82a5e305da6cea5eea1bbab53d93","name":"Carlota Carre\u00f1o","image":{"@type":"ImageObject","inLanguage":"es","@id":"https:\/\/www.ivoox.com\/blog\/#\/schema\/person\/image\/","url":"https:\/\/secure.gravatar.com\/avatar\/98b422e3eb8896223b9c5ffae25b93408fa3dc4910410ac74115353026b9a7f4?s=96&d=mm&r=g","contentUrl":"https:\/\/secure.gravatar.com\/avatar\/98b422e3eb8896223b9c5ffae25b93408fa3dc4910410ac74115353026b9a7f4?s=96&d=mm&r=g","caption":"Carlota Carre\u00f1o"},"description":"Ayudando en el equipo de Marketing y Contenidos de iVoox.","url":"https:\/\/www.ivoox.com\/blog\/author\/carlota-carreno\/"},{"@type":"Question","@id":"https:\/\/www.ivoox.com\/blog\/podcasts-cadena-ser\/#faq-question-1753271779217","position":1,"url":"https:\/\/www.ivoox.com\/blog\/podcasts-cadena-ser\/#faq-question-1753271779217","name":"\u00bfD\u00f3nde puedo encontrar podcasts de la Cadena SER?","answerCount":1,"acceptedAnswer":{"@type":"Answer","text":"Los encontrar\u00e1s y los podr\u00e1s escuchar gratis desde la <a href=\"https:\/\/www.ivoox.com\/_ik_descarga-app_1.html?utm_source=post_btn_descargarapp&amp;utm_medium=web&amp;utm_content=descargar_app&amp;utm_campaign=blog&amp;utm_term=podcasts-cadena-ser\" target=\"_blank\" rel=\"noreferrer noopener\">app de iVoox<\/a>, as\u00ed como tambi\u00e9n desde la <a href=\"https:\/\/cadenaser.com\/podcast\/\" target=\"_blank\" rel=\"noreferrer noopener\">web de la propia Cadena SER<\/a>.<br\/><br\/>\u00bfQuieres m\u00e1s? No te pierdas esta selecci\u00f3n con <a href=\"https:\/\/www.ivoox.com\/blog\/las-radios-mas-escuchadas-en-espana\/\">las radios m\u00e1s escuchadas en Espa\u00f1a<\/a>.<br\/>","inLanguage":"es"},"inLanguage":"es"},{"@type":"Question","@id":"https:\/\/www.ivoox.com\/blog\/podcasts-cadena-ser\/#faq-question-1753271849542","position":2,"url":"https:\/\/www.ivoox.com\/blog\/podcasts-cadena-ser\/#faq-question-1753271849542","name":"\u00bfCu\u00e1les son los mejores podcasts de la Cadena SER?","answerCount":1,"acceptedAnswer":{"@type":"Answer","text":"- <a href=\"https:\/\/www.ivoox.com\/podcast-nadie-sabe-nada-buenafuente-berto_sq_f173407_1.html?utm_source=post&amp;utm_medium=web&amp;utm_content=podcast&amp;utm_campaign=blog&amp;utm_term=podcasts-cadena-ser\" target=\"_blank\" rel=\"noreferrer noopener\">Nadie sabe nada<\/a><br\/>- <a href=\"https:\/\/www.ivoox.com\/podcast-todo-concostrina_sq_f1198081_1.html?utm_source=post&amp;utm_medium=web&amp;utm_content=podcast&amp;utm_campaign=blog&amp;utm_term=podcasts-cadena-ser\" target=\"_blank\" rel=\"noreferrer noopener\">Todo Concostrina<\/a><br\/>- <a href=\"https:\/\/www.ivoox.com\/podcast-larguero_sq_f1189_1.html?utm_source=post&amp;utm_medium=web&amp;utm_content=podcast&amp;utm_campaign=blog&amp;utm_term=podcasts-cadena-ser\" target=\"_blank\" rel=\"noreferrer noopener\">El Larguero<\/a><br\/>- <a href=\"https:\/\/www.ivoox.com\/podcast-acontece-no-es-poco_sq_f11207820_1.html?utm_source=post&amp;utm_medium=web&amp;utm_content=podcast&amp;utm_campaign=blog&amp;utm_term=podcasts-cadena-ser\" target=\"_blank\" rel=\"noreferrer noopener\">Acontece que no es poco<\/a><br\/>- <a href=\"https:\/\/www.ivoox.com\/podcast-noches-ortega_sq_f1599467_1.html?utm_source=post&amp;utm_medium=web&amp;utm_content=podcast&amp;utm_campaign=blog&amp;utm_term=podcasts-cadena-ser\" target=\"_blank\" rel=\"noreferrer noopener\">Las Noches de Ortega<\/a><br\/>- <a href=\"https:\/\/www.ivoox.com\/podcast-un-libro-una-hora_sq_f1728433_1.html?utm_source=post&amp;utm_medium=web&amp;utm_content=podcast&amp;utm_campaign=blog&amp;utm_term=podcasts-cadena-ser\" target=\"_blank\" rel=\"noreferrer noopener\">Un Libro Una Hora<\/a><br\/>- <a href=\"https:\/\/www.ivoox.com\/podcast-a-vivir-son-dos-dias_sq_f1474_1.html?utm_source=post&amp;utm_medium=web&amp;utm_content=podcast&amp;utm_campaign=blog&amp;utm_term=podcasts-cadena-ser\" target=\"_blank\" rel=\"noreferrer noopener\">A vivir que son dos d\u00edas<\/a><br\/>- <a href=\"https:\/\/www.ivoox.com\/podcast-todo-radio_sq_f1255223_1.html?utm_source=post&amp;utm_medium=web&amp;utm_content=podcast&amp;utm_campaign=blog&amp;utm_term=podcasts-cadena-ser\" target=\"_blank\" rel=\"noreferrer noopener\">Todo por la radio<\/a><br\/>- <a href=\"https:\/\/www.ivoox.com\/podcast-sucedio-noche_sq_f1240052_1.html?utm_source=post&amp;utm_medium=web&amp;utm_content=podcast&amp;utm_campaign=blog&amp;utm_term=podcasts-cadena-ser\" target=\"_blank\" rel=\"noreferrer noopener\">Sucedi\u00f3 una noche<\/a><br\/>- <a href=\"https:\/\/www.ivoox.com\/podcast-hora-25_sq_f1321_1.html?utm_source=post&amp;utm_medium=web&amp;utm_content=podcast&amp;utm_campaign=blog&amp;utm_term=podcasts-cadena-ser\" target=\"_blank\" rel=\"noreferrer noopener\">Hora 25<\/a>","inLanguage":"es"},"inLanguage":"es"}]}},"_links":{"self":[{"href":"https:\/\/www.ivoox.com\/blog\/wp-json\/wp\/v2\/posts\/90142","targetHints":{"allow":["GET"]}}],"collection":[{"href":"https:\/\/www.ivoox.com\/blog\/wp-json\/wp\/v2\/posts"}],"about":[{"href":"https:\/\/www.ivoox.com\/blog\/wp-json\/wp\/v2\/types\/post"}],"author":[{"embeddable":true,"href":"https:\/\/www.ivoox.com\/blog\/wp-json\/wp\/v2\/users\/21"}],"replies":[{"embeddable":true,"href":"https:\/\/www.ivoox.com\/blog\/wp-json\/wp\/v2\/comments?post=90142"}],"version-history":[{"count":8,"href":"https:\/\/www.ivoox.com\/blog\/wp-json\/wp\/v2\/posts\/90142\/revisions"}],"predecessor-version":[{"id":90949,"href":"https:\/\/www.ivoox.com\/blog\/wp-json\/wp\/v2\/posts\/90142\/revisions\/90949"}],"wp:featuredmedia":[{"embeddable":true,"href":"https:\/\/www.ivoox.com\/blog\/wp-json\/wp\/v2\/media\/90156"}],"wp:attachment":[{"href":"https:\/\/www.ivoox.com\/blog\/wp-json\/wp\/v2\/media?parent=90142"}],"wp:term":[{"taxonomy":"category","embeddable":true,"href":"https:\/\/www.ivoox.com\/blog\/wp-json\/wp\/v2\/categories?post=90142"},{"taxonomy":"post_tag","embeddable":true,"href":"https:\/\/www.ivoox.com\/blog\/wp-json\/wp\/v2\/tags?post=90142"}],"curies":[{"name":"wp","href":"https:\/\/api.w.org\/{rel}","templated":true}]}}